{"id":9459,"date":"2023-02-15T20:02:09","date_gmt":"2023-02-15T20:02:09","guid":{"rendered":"https:\/\/villsy.com\/blog\/dolgok-amiket-el-kell-kerulni-horvatorszagban\/"},"modified":"2023-06-23T13:03:14","modified_gmt":"2023-06-23T13:03:14","slug":"dolgok-amiket-el-kell-kerulni-horvatorszagban","status":"publish","type":"post","link":"https:\/\/villsy.com\/hu\/blog\/dolgok-amiket-el-kell-kerulni-horvatorszagban\/","title":{"rendered":"Ker\u00fclend\u0151 dolgok Horv\u00e1torsz\u00e1gban"},"content":{"rendered":"\n<div style=\"height:60px\" aria-hidden=\"true\" class=\"wp-block-spacer\"><\/div>\n\n\n\n<p>Horv\u00e1torsz\u00e1g egy csod\u00e1latos orsz\u00e1g, amelyet az emberek sz\u00edvesen felfedeznek egyed\u00fcl\u00e1ll\u00f3 kult\u00far\u00e1ja \u00e9s csod\u00e1latos t\u00e1jai miatt. Legink\u00e1bb fest\u0151i Adriai-tenger partj\u00e1r\u00f3l \u00e9s Dubrovnik, Split \u00e9s Zadar r\u00e9gim\u00f3di v\u00e1rosair\u00f3l h\u00edres.<\/p>\n\n\n\n<p>Horv\u00e1torsz\u00e1g a strandokt\u00f3l a nemzeti parkokon \u00e1t a hegyvonulatokig mindenki sz\u00e1m\u00e1ra k\u00edn\u00e1l valamit, a nyugodt tengerparti nyaral\u00e1st\u00f3l az izgalmas utaz\u00e1sokig. A vil\u00e1g minden t\u00e1j\u00e1r\u00f3l turist\u00e1k sokas\u00e1g\u00e1t vonzza, a mag\u00e1nyos kalandorokt\u00f3l kezdve a bar\u00e1ti t\u00e1rsas\u00e1gokon \u00e1t az akt\u00edv csal\u00e1dokig. De vajon biztons\u00e1gban \u00e9rezhetik-e magukat az emberek, ha Horv\u00e1torsz\u00e1gba utaznak?<\/p>\n\n\n\n<p>Horv\u00e1torsz\u00e1got \u00e1ltal\u00e1ban biztons\u00e1gos orsz\u00e1gnak tartj\u00e1k, \u00e9s emiatt a csal\u00e1dok els\u0151 sz\u00e1m\u00fa nyaral\u00e1si c\u00e9lpontja. A Villsy r\u00e9szletes t\u00e1j\u00e9koztat\u00e1st ny\u00fajt a <a href=\"https:\/\/villsy.com\/blog\/croatia-safe-place-to-visit-167\/\">horv\u00e1torsz\u00e1gi utaz\u00e1s biztons\u00e1g\u00e1r\u00f3l<\/a>. Mint minden m\u00e1s \u00fati c\u00e9l eset\u00e9ben, itt is mindig \u00e9rdemes \u00f3vatosnak lenni, \u00e9s figyelni a k\u00f6rnyezetre, k\u00fcl\u00f6n\u00f6sen a zs\u00fafolt turisztikai ter\u00fcleteken.  <\/p>\n\n\n\n<p>El\u0151fordulhatnak kisebb b\u0171ncselekm\u00e9nyek, p\u00e9ld\u00e1ul zsebtolvajl\u00e1s \u00e9s lop\u00e1s, ez\u00e9rt fontos, hogy tegyen l\u00e9p\u00e9seket szem\u00e9lyes t\u00e1rgyai v\u00e9delm\u00e9re. \u00d6sszess\u00e9g\u00e9ben Horv\u00e1torsz\u00e1g n\u00e9pszer\u0171 turisztikai c\u00e9lpont, \u00e9s biztons\u00e1gos \u00e9s \u00e9lvezetes \u00e9lm\u00e9nyt ny\u00fajt az utaz\u00f3knak. Annak \u00e9rdek\u00e9ben, hogy a legt\u00f6bbet hozza ki ebb\u0151l az \u00e9lm\u00e9nyb\u0151l, van n\u00e9h\u00e1ny \u00edrott \u00e9s \u00edratlan szab\u00e1ly, amit hasznosnak tal\u00e1lhat!  <\/p>\n\n\n\n<figure class=\"wp-block-image size-full\"><img loading=\"lazy\" width=\"1000\" height=\"562\" src=\"https:\/\/villsy.com\/wp-content\/uploads\/panorama-biokova-i-makarske-alan-caplarAlan-Caplar.jpg\" alt=\"biokovo\" class=\"wp-image-7304\" srcset=\"https:\/\/villsy.com\/wp-content\/uploads\/panorama-biokova-i-makarske-alan-caplarAlan-Caplar.jpg 1000w, https:\/\/villsy.com\/wp-content\/uploads\/panorama-biokova-i-makarske-alan-caplarAlan-Caplar-300x169.jpg 300w, https:\/\/villsy.com\/wp-content\/uploads\/panorama-biokova-i-makarske-alan-caplarAlan-Caplar-768x432.jpg 768w\" sizes=\"(max-width: 1000px) 100vw, 1000px\" \/><\/figure>\n\n\n\n<h2 id=\"h-research-before-you-travel\">Kutat\u00e1s utaz\u00e1s el\u0151tt<\/h2>\n\n\n\n<p>Mint minden m\u00e1s \u00fati c\u00e9l eset\u00e9ben, itt is van n\u00e9h\u00e1ny nagyon fontos dolog, amit az utaz\u00e1s el\u0151tt meg kell vizsg\u00e1lnia, hogy elker\u00fclje a probl\u00e9m\u00e1kat a rend\u0151rs\u00e9ggel \u00e9s a helyiekkel, \u00e9s hogy jobb legyen az \u00e1ltal\u00e1nos \u00e9lm\u00e9nye. Term\u00e9szetesen att\u00f3l f\u00fcgg, hogy melyik <a href=\"https:\/\/villsy.com\/blog\/choose-destination-croatia-147\/\">horv\u00e1torsz\u00e1gi \u00fati c\u00e9lt<\/a> v\u00e1lasztja, de az al\u00e1bbi szab\u00e1lyok \u00e1ltal\u00e1nosak \u00e9s b\u00e1rhol alkalmazhat\u00f3k.  <\/p>\n\n\n\n<p>A f\u00e9lre\u00e9rt\u00e9sek \u00e9s jogi probl\u00e9m\u00e1k elker\u00fcl\u00e9se \u00e9rdek\u00e9ben fontos, hogy t\u00e1j\u00e9koz\u00f3djon a helyi t\u00f6rv\u00e9nyekr\u0151l \u00e9s szok\u00e1sokr\u00f3l. Ide tartoznak p\u00e9ld\u00e1ul a k\u00e1b\u00edt\u00f3szer-t\u00f6rv\u00e9nyek, a nyilv\u00e1nos viselked\u00e9s szab\u00e1lyai \u00e9s a kultur\u00e1lis norm\u00e1k.  <\/p>\n\n\n\n<p>Horv\u00e1torsz\u00e1gban a leg\u00e1lis alkoholfogyaszt\u00e1si korhat\u00e1r 18 \u00e9v. A doh\u00e1nyz\u00e1s nyilv\u00e1nos helyeken, p\u00e9ld\u00e1ul b\u00e1rokban, \u00e9ttermekben, k\u00e1v\u00e9z\u00f3kban \u00e9s sz\u00e1llod\u00e1kban tilos. A marihu\u00e1na haszn\u00e1lata \u00e9s birtokl\u00e1sa Horv\u00e1torsz\u00e1gban illeg\u00e1lis, \u00e9s s\u00falyos b\u00fcntet\u00e9st vonhat maga ut\u00e1n. Horv\u00e1torsz\u00e1gban egyes \u00fczletek \u00e9s boltok vas\u00e1rnap z\u00e1rva tartanak, ez\u00e9rt a l\u00e1togat\u00f3knak ennek megfelel\u0151en kell tervezni\u00fck.<\/p>\n\n\n\n<p>Alapvet\u0151 fontoss\u00e1g\u00fa, hogy megismerkedjen a megl\u00e1togatott \u00fati c\u00e9l k\u00f6zleked\u00e9si szab\u00e1lyaival \u00e9s el\u0151\u00edr\u00e1saival. Ide tartoznak a sebess\u00e9gkorl\u00e1toz\u00e1sok, az \u00fatjelz\u0151 t\u00e1bl\u00e1k \u00e9s a parkol\u00e1si korl\u00e1toz\u00e1sok. Horv\u00e1torsz\u00e1gban a sebess\u00e9gkorl\u00e1toz\u00e1s 50 km\/h lakott ter\u00fcleten, 80 km\/h lakott ter\u00fcleten k\u00edv\u00fcl \u00e9s 130 km\/h aut\u00f3p\u00e1ly\u00e1n. Ha aut\u00f3s kir\u00e1ndul\u00e1st tervez, <a href=\"https:\/\/villsy.com\/blog\/croatian-road-trip-139\/\">ide kattintva<\/a> tov\u00e1bbi ilyeneket tal\u00e1lhat.  <\/p>\n\n\n\n<p>Vizsg\u00e1lja meg a c\u00e9l\u00e1llom\u00e1s eg\u00e9szs\u00e9g\u00fcgyi ell\u00e1t\u00e1s\u00e1nak min\u0151s\u00e9g\u00e9t, bele\u00e9rtve a s\u00fcrg\u0151ss\u00e9gi orvosi szolg\u00e1ltat\u00e1sok el\u00e9rhet\u0151s\u00e9g\u00e9t \u00e9s az orvosi ell\u00e1t\u00e1s k\u00f6lts\u00e9geit. Horv\u00e1torsz\u00e1g nemr\u00e9giben p\u00e9nznemet is v\u00e1ltott, ez\u00e9rt mindenk\u00e9ppen hozzon mag\u00e1val eur\u00f3t!  <\/p>\n\n\n\n<p>Ha k\u00e9nyes helyzetbe ker\u00fcl, \u00e9s s\u00fcrg\u0151s seg\u00edts\u00e9gre van sz\u00fcks\u00e9ge a nagyk\u00f6vets\u00e9gt\u0151l, javasoljuk, hogy keresse meg a <a href=\"https:\/\/mvep.gov.hr\/embassies-and-consulates\/embassies-of-foreign-countries-in-the-republic-of-croatia\/244602\">hivatalos korm\u00e1nyzati<\/a> oldalon az el\u00e9rhet\u0151s\u00e9g\u00fcket, ahol minden sz\u00fcks\u00e9ges inform\u00e1ci\u00f3 megtal\u00e1lhat\u00f3.  <\/p>\n\n\n\n<h2 id=\"h-respect-local-customs-and-traditions\">A helyi szok\u00e1sok \u00e9s hagyom\u00e1nyok tiszteletben tart\u00e1sa<\/h2>\n\n\n\n<p>Ez mag\u00e1t\u00f3l \u00e9rtet\u0151d\u0151, de b\u00e1rmely orsz\u00e1g \u00e9s kult\u00fara ir\u00e1nt tiszteletet k\u00edv\u00e1nsz tan\u00fas\u00edtani, azt akkor \u00e9rheted el, ha akt\u00edvan r\u00e9szt veszel a szok\u00e1saikban \u00e9s hagyom\u00e1nyaikban, vagy \u00e9lvezed azokat. Horv\u00e1torsz\u00e1gban t\u00f6bb nemzeti \u00fcnnepet is \u00fcnnepelnek, mint p\u00e9ld\u00e1ul a kar\u00e1csony, a h\u00fasv\u00e9t \u00e9s a mindenszentek.  <\/p>\n\n\n\n<p>Tov\u00e1bbi fontos esem\u00e9nyek k\u00f6z\u00e9 tartozik a Dubrovniki Ny\u00e1ri Fesztiv\u00e1l, a Split-i Ny\u00e1ri Fesztiv\u00e1l \u00e9s a Z\u00e1gr\u00e1bi Nemzetk\u00f6zi Folkl\u00f3rfesztiv\u00e1l. A n\u00e9pt\u00e1nc fontos r\u00e9sze a horv\u00e1t kult\u00far\u00e1nak, a fesztiv\u00e1lokon \u00e9s rendezv\u00e9nyeken olyan hagyom\u00e1nyos t\u00e1ncokat adnak el\u0151, mint a Kolo, a Letnja Serenada \u00e9s a Lin\u0111o.<\/p>\n\n\n\n<p>A horv\u00e1t konyha a mediterr\u00e1n \u00e9s a k\u00f6z\u00e9p-eur\u00f3pai \u00edzek f\u00fazi\u00f3ja, \u00e9s olyan \u00e9telek, mint a tenger gy\u00fcm\u00f6lcsei, a h\u00fasok \u00e9s a z\u00f6lds\u00e9gek az alapanyagok k\u00f6z\u00e9 tartoznak. A bortermel\u00e9s szint\u00e9n fontos r\u00e9sze a horv\u00e1t hagyom\u00e1nyoknak, a h\u00edres borvid\u00e9kek, mint p\u00e9ld\u00e1ul Isztria \u00e9s Dalm\u00e1cia, kiv\u00e1l\u00f3 min\u0151s\u00e9g\u0171 v\u00f6r\u00f6s- \u00e9s feh\u00e9rborokat termelnek. Term\u00e9szetesen ne feledkezz\u00fcnk meg az ol\u00edvaolajr\u00f3l sem. Ezekben a r\u00e9gi\u00f3kban a valaha volt leggazdagabb \u00edz\u0171 sz\u0171z ol\u00edvaolajat k\u00f3stolhatja meg.<\/p>\n\n\n\n<p>A k\u00e9zm\u0171vess\u00e9g a horv\u00e1t kult\u00fara fontos r\u00e9sze, a helyi k\u00e9zm\u0171vesek gy\u00f6ny\u00f6r\u0171 t\u00e1rgyakat, p\u00e9ld\u00e1ul ker\u00e1mi\u00e1t, csipk\u00e9t \u00e9s \u00e9kszereket k\u00e9sz\u00edtenek. Azt is l\u00e1tni fogja, hogy a horv\u00e1t hagyom\u00e1nyokra nagy hat\u00e1ssal van a vall\u00e1s, \u00e9s Horv\u00e1torsz\u00e1g minden egyes v\u00e1ros\u00e1ban van egy templom, amelyet megl\u00e1togathat.<\/p>\n\n\n\n<p>A hagyom\u00e1nyos horv\u00e1t ruh\u00e1zatot m\u00e9g mindig viselik k\u00fcl\u00f6nleges alkalmakkor, bele\u00e9rtve a nemzeti \u00fcnnepeket, esk\u00fcv\u0151ket \u00e9s egy\u00e9b \u00fcnneps\u00e9geket. A n\u0151k jellemz\u0151en n\u00e9pviseletet \u00e9s fejkend\u0151t, a f\u00e9rfiak pedig nadr\u00e1got \u00e9s kab\u00e1tot viselnek.<\/p>\n\n\n\n<p>Mindezek a horv\u00e1t kult\u00fara szerves r\u00e9sz\u00e9t k\u00e9pezik, ez\u00e9rt ha igaz\u00e1n bele akarsz k\u00f3stolni a helybe, pr\u00f3b\u00e1lj meg min\u00e9l t\u00f6bbet \u00e9lvezni k\u00f6z\u00fcl\u00fck. A horv\u00e1tok is nagyon h\u00e1l\u00e1sak lesznek, ha l\u00e1tj\u00e1k, hogy \u00e9rt\u00e9keled azt, ami a nemzet\u00fcket olyan egyediv\u00e9 teszi.  <\/p>\n\n\n\n<figure class=\"wp-block-image size-large\"><img loading=\"lazy\" width=\"1350\" height=\"900\" src=\"https:\/\/villsy.com\/wp-content\/uploads\/Generalna-proba-5-1350x900.jpg\" alt=\"Dubrovniki Ny\u00e1ri Fesztiv\u00e1l\" class=\"wp-image-7305\" srcset=\"https:\/\/villsy.com\/wp-content\/uploads\/Generalna-proba-5-1350x900.jpg 1350w, https:\/\/villsy.com\/wp-content\/uploads\/Generalna-proba-5-300x200.jpg 300w, https:\/\/villsy.com\/wp-content\/uploads\/Generalna-proba-5-768x512.jpg 768w, https:\/\/villsy.com\/wp-content\/uploads\/Generalna-proba-5-1536x1024.jpg 1536w, https:\/\/villsy.com\/wp-content\/uploads\/Generalna-proba-5.jpg 1600w\" sizes=\"(max-width: 1350px) 100vw, 1350px\" \/><\/figure>\n\n\n\n<h2 id=\"h-avoid-unnecessary-disputes\">A felesleges vit\u00e1k elker\u00fcl\u00e9se<\/h2>\n\n\n\n<p>A horv\u00e1tok \u00e1ltal\u00e1ban rendk\u00edv\u00fcl vend\u00e9gszeret\u0151 \u00e9s bar\u00e1ts\u00e1gos n\u00e9p. \u00c9vente t\u00f6bb milli\u00f3 turist\u00e1t fogadnak, \u00e9s \u00e1ltal\u00e1ban j\u00f3l besz\u00e9lnek idegen nyelveket, k\u00fcl\u00f6n\u00f6sen a fiatalabb gener\u00e1ci\u00f3.  <\/p>\n\n\n\n<p>A mediterr\u00e1n hat\u00e1s\u00fa \u00e9letm\u00f3djukr\u00f3l is ismertek, amely mag\u00e1ban foglalja a nyugodt \u00e9letm\u00f3dot, a t\u00f6bb \u00f3r\u00e1s k\u00e1v\u00e9z\u00e1st a rivi\u00e9ra partjain\u00e1l tal\u00e1lhat\u00f3 k\u00e1v\u00e9z\u00f3kban, \u00e9s az emberek \u00e1ltal\u00e1nos felemel\u0151 hangulat\u00e1t.<\/p>\n\n\n\n<p>Azonban, mint minden m\u00e1s orsz\u00e1gnak, ennek is lehetnek olyan ter\u00fcletei, amelyeket jobb elker\u00fclni. A horv\u00e1tok gazdag kultur\u00e1lis \u00f6r\u00f6ks\u00e9ggel \u00e9s t\u00f6rt\u00e9nelemmel rendelkeznek, ami n\u00e9ha konfliktusokhoz vezethet az elt\u00e9r\u0151 hit\u0171 \u00e9s hagyom\u00e1ny\u00fa emberekkel. T\u00f6bbnyire konzervat\u00edv orsz\u00e1gr\u00f3l van sz\u00f3, ez\u00e9rt az id\u0151sebb gener\u00e1ci\u00f3val val\u00f3 kommunik\u00e1ci\u00f3 sor\u00e1n ezt mindenk\u00e9ppen tartsa szem el\u0151tt.  <\/p>\n\n\n\n<h2 id=\"h-stay-away-from-external-political-issues\">Maradjon t\u00e1vol a k\u00fcls\u0151 politikai k\u00e9rd\u00e9sekt\u0151l<\/h2>\n\n\n\n<p>Az egyik f\u0151 t\u00e9ma, amely kellemetlen helyzeteket \u00e9s tapasztalatokat okozhat, ha kapcsolatba ker\u00fcl a helyiekkel, a politika. Vigy\u00e1zzon, hogy ez a horv\u00e1tok k\u00f6r\u00e9ben nagyon \u00e9rz\u00e9keny t\u00e9ma a heves politikai m\u00faltjuk miatt.  <\/p>\n\n\n\n<p>Sz\u00e1mos h\u00e1bor\u00fa \u00e9s vita volt a szomsz\u00e9dos orsz\u00e1gokkal, ami v\u00e9g\u00fcl Horv\u00e1torsz\u00e1g f\u00fcggetlens\u00e9g\u00e9hez vezetett. Ez azonban egy olyan t\u00f6rt\u00e9net, amire nem sokan szeretnek eml\u00e9kezni, ez\u00e9rt aj\u00e1nlatos nem eml\u00edteni olyan dolgokat, mint Jugoszl\u00e1via.  <\/p>\n\n\n\n<p>Horv\u00e1torsz\u00e1g hossz\u00fa \u00e9veket t\u00f6lt\u00f6tt azzal, hogy kil\u00e1baljon traumatiz\u00e1l\u00f3 m\u00faltj\u00e1b\u00f3l, \u00e9s ma m\u00e1r azon van, hogy az Eur\u00f3pai Uni\u00f3 norm\u00e1it a lehet\u0151 legnagyobb m\u00e9rt\u00e9kben integr\u00e1lja politik\u00e1iba. Persze, mindig \u00f6szt\u00f6n\u00f6zni kell ennek a gy\u00f6ny\u00f6r\u0171 orsz\u00e1gnak a t\u00f6rt\u00e9nelm\u00e9nek megismer\u00e9s\u00e9t, de erre vannak helyek, p\u00e9ld\u00e1ul idegenvezet\u0151k \u00e9s m\u00fazeumok.  <\/p>\n\n\n\n<h2 id=\"h-don-t-forget-your-documents\">Ne felejtse el a dokumentumokat  <\/h2>\n\n\n\n<p>Dokumentumait mindig mag\u00e1n\u00e1l kell tartania. A rend\u0151rs\u00e9g b\u00e1rmikor k\u00e9rheti az \u00fatlevel\u00e9t vagy szem\u00e9lyi igazolv\u00e1ny\u00e1t, ez\u00e9rt miel\u0151tt \u00fatnak indul, ellen\u0151rizze, hogy ezek \u00d6nn\u00e9l vannak-e.<\/p>\n\n\n\n<p>Dokumentumait tartsa biztons\u00e1gos \u00e9s k\u00f6nnyen hozz\u00e1f\u00e9rhet\u0151 helyen, p\u00e9ld\u00e1ul egy p\u00e9nz\u00f6vben vagy egy \u00fati okm\u00e1nytart\u00f3ban. Elveszt\u00e9s vagy lop\u00e1s eset\u00e9n ak\u00e1r be is szkennelheti dokumentumait, \u00e9s elk\u00fcldheti azokat e-mailben mag\u00e1nak biztons\u00e1gi m\u00e1solatk\u00e9nt.<\/p>\n\n\n\n<p>Ne feledje, hogy okm\u00e1nyait az utaz\u00e1s sor\u00e1n biztons\u00e1gban kell tartani, \u00e9s minden elveszt\u00e9st vagy lop\u00e1st halad\u00e9ktalanul jelentsen a helyi hat\u00f3s\u00e1goknak.<\/p>\n\n\n\n<figure class=\"wp-block-image size-large\"><img loading=\"lazy\" width=\"1349\" height=\"900\" src=\"https:\/\/villsy.com\/wp-content\/uploads\/Provisional-Driving-Licence-1536x1025-1-1349x900.jpg\" alt=\"Az \u00d6n dokumentumai\" class=\"wp-image-7306\" srcset=\"https:\/\/villsy.com\/wp-content\/uploads\/Provisional-Driving-Licence-1536x1025-1-1349x900.jpg 1349w, https:\/\/villsy.com\/wp-content\/uploads\/Provisional-Driving-Licence-1536x1025-1-300x200.jpg 300w, https:\/\/villsy.com\/wp-content\/uploads\/Provisional-Driving-Licence-1536x1025-1-768x513.jpg 768w, https:\/\/villsy.com\/wp-content\/uploads\/Provisional-Driving-Licence-1536x1025-1.jpg 1536w\" sizes=\"(max-width: 1349px) 100vw, 1349px\" \/><\/figure>\n\n\n\n<h2 id=\"h-don-t-forget-the-weather-and-terrain\">Ne feledkezzen meg az id\u0151j\u00e1r\u00e1sr\u00f3l \u00e9s a terepviszonyokr\u00f3l sem<\/h2>\n\n\n\n<p>Att\u00f3l f\u00fcgg, hogy melyik v\u00e1rost l\u00e1togatja meg Horv\u00e1torsz\u00e1gban, de ne feledje, hogy az \u00e9ghajlat \u00e9s a terep v\u00e1ltozatos. Ez egy olyan orsz\u00e1g, amely a meleg \u00e9s napos tengerpartokt\u00f3l a hideg \u00e9s havas hegyekig terjed.  <\/p>\n\n\n\n<p>Gyakran el\u0151fordul, hogy a l\u00e1togat\u00f3k az\u00e9rt akadnak el a hegyekben, mert nem hoztak magukkal megfelel\u0151 felszerel\u00e9st vagy v\u00edz- \u00e9s \u00e9lelemk\u00e9szletet. Vizsg\u00e1lja meg a t\u00far\u00e1zni k\u00edv\u00e1nt ter\u00fcletet, \u00e9s ennek megfelel\u0151en tervezze meg az \u00fatvonalat. Gy\u0151z\u0151dj\u00f6n meg r\u00f3la, hogy ismeri az \u00fatvonalat \u00e9s az \u00fat ment\u00e9n tal\u00e1lhat\u00f3 t\u00e1j\u00e9koz\u00f3d\u00e1si pontokat.<\/p>\n\n\n\n<p>Miel\u0151tt elindul, ellen\u0151rizze az aznapi id\u0151j\u00e1r\u00e1si k\u00f6r\u00fclm\u00e9nyeket. Ez m\u00e9g azoknak is j\u00f3l j\u00f6n, akik a nyaral\u00e1suk alatt haj\u00f3z\u00e1st terveznek. Tartsa naprak\u00e9szen a legfrissebb id\u0151j\u00e1r\u00e1s-el\u0151rejelz\u00e9st, \u00e9s ha elakadna, legyen k\u00e9zn\u00e9l a <a href=\"https:\/\/www.hgss.hr\/en\/\">Horv\u00e1t Hegyiment\u0151 Szolg\u00e1lat<\/a> el\u00e9rhet\u0151s\u00e9ge. Csomagoljon be alapvet\u0151 dolgokat, p\u00e9ld\u00e1ul vizet, \u00e9lelmiszert, els\u0151seg\u00e9lycsomagot, t\u00e9rk\u00e9pet \u00e9s ir\u00e1nyt\u0171t, \u00e9s \u00e9lvezze, amit ez a gy\u00f6ny\u00f6r\u0171 orsz\u00e1g ny\u00fajtani tud.<\/p>\n\n\n\n<h2 id=\"h-the-bottom-line\">A l\u00e9nyeg<\/h2>\n\n\n\n<p>Horv\u00e1torsz\u00e1g a vil\u00e1g egyik legbiztons\u00e1gosabb orsz\u00e1ga, de van n\u00e9h\u00e1ny dolog, amivel jav\u00edthat az \u00e9lm\u00e9nyein. N\u00e9zzen ut\u00e1na az alapoknak, tartsa mindig k\u00e9zn\u00e9l a dokumentumait, ker\u00fclje a k\u00e9nyes politikai besz\u00e9lget\u00e9seket a helyiekkel, \u00e9s m\u00e1ris k\u00e9szen \u00e1ll. Jutalmul egy olyan nyaral\u00e1sban lesz r\u00e9szed, amelyre eg\u00e9sz \u00e9letedben eml\u00e9kezni fogsz!<\/p>\n\n\n\n<h2 id=\"h-faq\">GYIK<\/h2>\n\n\n\n<p>N\u00e9h\u00e1ny gyakran feltett k\u00e9rd\u00e9s Horv\u00e1torsz\u00e1ggal kapcsolatban:<\/p>\n\n\n\n<div class=\"schema-faq wp-block-yoast-faq-block\"><div class=\"schema-faq-section\" id=\"faq-question-1676491047408\"><strong class=\"schema-faq-question\">Horv\u00e1torsz\u00e1gban adnak borraval\u00f3t?<\/strong> <p class=\"schema-faq-answer\">Horv\u00e1torsz\u00e1gban a borraval\u00f3 nem olyan szigor\u00fa, mint m\u00e1s orsz\u00e1gokban. Az \u00e9ttermekben \u00e9s a sz\u00e9ps\u00e9g- \u00e9s gy\u00f3gyf\u00fcrd\u0151-szolg\u00e1ltat\u00e1sokn\u00e1l 10% borraval\u00f3t illik hagyni. A b\u00e1rokban vagy k\u00e1v\u00e9z\u00f3kban egyszer\u0171en felkerek\u00edtheti a sz\u00e1ml\u00e1t. Az idegenvezet\u0151k \u00f6r\u00f6mmel fogadnak egy kis borraval\u00f3t, a taxisof\u0151r\u00f6k pedig a k\u00f6vetkez\u0151 eur\u00f3ra kerek\u00edthetnek.<\/p> <\/div> <div class=\"schema-faq-section\" id=\"faq-question-1676491079026\"><strong class=\"schema-faq-question\">Mi sz\u00e1m\u00edt udvariatlans\u00e1gnak Horv\u00e1torsz\u00e1gban?<\/strong> <p class=\"schema-faq-answer\">A horv\u00e1tok \u00e9rt\u00e9kelni fogj\u00e1k, ha nem hozod fel a politikai probl\u00e9m\u00e1ikat, ha pontos vagy, ha t\u00f6bb\u00e9-kev\u00e9sb\u00e9 szer\u00e9nyen \u00f6lt\u00f6z\u00f6l a vall\u00e1si helyeken, \u00e9s ha leveszed a cip\u0151det, miel\u0151tt bel\u00e9psz az otthonukba.<\/p> <\/div> <div class=\"schema-faq-section\" id=\"faq-question-1676491096844\"><strong class=\"schema-faq-question\">Mire kell \u00fcgyelnem Horv\u00e1torsz\u00e1gban?<\/strong> <p class=\"schema-faq-answer\">Vigy\u00e1zhat a zsebtolvajl\u00e1sra \u00e9s az ATM-csal\u00e1sokra. Vigy\u00e1zzon, nehogy le\u00e9gjen, ha ny\u00e1ron l\u00e1togat el, \u00e9s ker\u00fclje a t\u00fal\u00e1razott, nem hivatalos idegenvezet\u0151ket.  <\/p> <\/div> <\/div>\n","protected":false},"excerpt":{"rendered":"<p>Tudja meg, hogyan t\u00f6ltheti a legjobb id\u0151t Horv\u00e1torsz\u00e1gban, ha ezeket a dolgokat elker\u00fcli.<\/p>\n","protected":false},"author":3,"featured_media":10348,"comment_status":"open","ping_status":"open","sticky":false,"template":"","format":"standard","meta":[],"categories":[312],"tags":[695,429],"yoast_head":"<!-- This site is optimized with the Yoast SEO Premium plugin v19.2.1 (Yoast SEO v19.6.1) - https:\/\/yoast.com\/wordpress\/plugins\/seo\/ -->\n<title>Ker\u00fclend\u0151 dolgok Horv\u00e1torsz\u00e1gban - Villsy<\/title>\n<meta name=\"description\" content=\"Horv\u00e1torsz\u00e1g biztons\u00e1gos orsz\u00e1g, de vannak bizonyos \u00edratlan szab\u00e1lyok, amelyeket be kell tartani, hogy az utaz\u00e1s sz\u00f3rakoztat\u00f3 legyen.\" \/>\n<meta name=\"robots\" content=\"index, follow, max-snippet:-1, max-image-preview:large, max-video-preview:-1\" \/>\n<link rel=\"canonical\" href=\"https:\/\/villsy.com\/hu\/blog\/dolgok-amiket-el-kell-kerulni-horvatorszagban\/\" \/>\n<meta property=\"og:locale\" content=\"hu_HU\" \/>\n<meta property=\"og:type\" content=\"website\" \/>\n<meta property=\"og:title\" content=\"Ker\u00fclend\u0151 dolgok Horv\u00e1torsz\u00e1gban - Villsy\" \/>\n<meta property=\"og:description\" content=\"Horv\u00e1torsz\u00e1g biztons\u00e1gos orsz\u00e1g, de vannak bizonyos \u00edratlan szab\u00e1lyok, amelyeket be kell tartani, hogy az utaz\u00e1s sz\u00f3rakoztat\u00f3 legyen.\" \/>\n<meta property=\"og:url\" content=\"https:\/\/villsy.com\/hu\/blog\/dolgok-amiket-el-kell-kerulni-horvatorszagban\/\" \/>\n<meta property=\"og:site_name\" content=\"Villsy\" \/>\n<meta property=\"article:published_time\" content=\"2023-02-15T20:02:09+00:00\" \/>\n<meta property=\"article:modified_time\" content=\"2023-06-23T13:03:14+00:00\" \/>\n<meta property=\"og:image\" content=\"https:\/\/villsy.com\/wp-content\/uploads\/Brac-2.jpg\" \/>\n\t<meta property=\"og:image:width\" content=\"1440\" \/>\n\t<meta property=\"og:image:height\" content=\"960\" \/>\n\t<meta property=\"og:image:type\" content=\"image\/jpeg\" \/>\n<meta name=\"author\" content=\"villsy-seo\" \/>\n<meta name=\"twitter:card\" content=\"summary_large_image\" \/>\n<meta name=\"twitter:label1\" content=\"Written by\" \/>\n\t<meta name=\"twitter:data1\" content=\"villsy-seo\" \/>\n\t<meta name=\"twitter:label2\" content=\"Est. reading time\" \/>\n\t<meta name=\"twitter:data2\" content=\"7 minutes\" \/>\n<!-- \/ Yoast SEO Premium plugin. -->","yoast_head_json":{"title":"Ker\u00fclend\u0151 dolgok Horv\u00e1torsz\u00e1gban - Villsy","description":"Horv\u00e1torsz\u00e1g biztons\u00e1gos orsz\u00e1g, de vannak bizonyos \u00edratlan szab\u00e1lyok, amelyeket be kell tartani, hogy az utaz\u00e1s sz\u00f3rakoztat\u00f3 legyen.","robots":{"index":"index","follow":"follow","max-snippet":"max-snippet:-1","max-image-preview":"max-image-preview:large","max-video-preview":"max-video-preview:-1"},"canonical":"https:\/\/villsy.com\/hu\/blog\/dolgok-amiket-el-kell-kerulni-horvatorszagban\/","og_locale":"hu_HU","og_type":"website","og_title":"Ker\u00fclend\u0151 dolgok Horv\u00e1torsz\u00e1gban - Villsy","og_description":"Horv\u00e1torsz\u00e1g biztons\u00e1gos orsz\u00e1g, de vannak bizonyos \u00edratlan szab\u00e1lyok, amelyeket be kell tartani, hogy az utaz\u00e1s sz\u00f3rakoztat\u00f3 legyen.","og_url":"https:\/\/villsy.com\/hu\/blog\/dolgok-amiket-el-kell-kerulni-horvatorszagban\/","og_site_name":"Villsy","article_published_time":"2023-02-15T20:02:09+00:00","article_modified_time":"2023-06-23T13:03:14+00:00","og_image":[{"width":1440,"height":960,"url":"https:\/\/villsy.com\/wp-content\/uploads\/Brac-2.jpg","type":"image\/jpeg"}],"author":"villsy-seo","twitter_card":"summary_large_image","twitter_misc":{"Written by":"villsy-seo","Est. reading time":"7 minutes"},"schema":{"@context":"https:\/\/schema.org","@graph":[{"@type":["WebPage","FAQPage"],"@id":"https:\/\/villsy.com\/hu\/blog\/dolgok-amiket-el-kell-kerulni-horvatorszagban\/","url":"https:\/\/villsy.com\/hu\/blog\/dolgok-amiket-el-kell-kerulni-horvatorszagban\/","name":"Ker\u00fclend\u0151 dolgok Horv\u00e1torsz\u00e1gban - Villsy","isPartOf":{"@id":"https:\/\/villsy.com\/hu\/#website"},"datePublished":"2023-02-15T20:02:09+00:00","dateModified":"2023-06-23T13:03:14+00:00","author":{"@id":"https:\/\/villsy.com\/hu\/#\/schema\/person\/e3ee918d26f430770e6f666a55d22815"},"description":"Horv\u00e1torsz\u00e1g biztons\u00e1gos orsz\u00e1g, de vannak bizonyos \u00edratlan szab\u00e1lyok, amelyeket be kell tartani, hogy az utaz\u00e1s sz\u00f3rakoztat\u00f3 legyen.","breadcrumb":{"@id":"https:\/\/villsy.com\/hu\/blog\/dolgok-amiket-el-kell-kerulni-horvatorszagban\/#breadcrumb"},"mainEntity":[{"@id":"https:\/\/villsy.com\/hu\/blog\/dolgok-amiket-el-kell-kerulni-horvatorszagban\/#faq-question-1676491047408"},{"@id":"https:\/\/villsy.com\/hu\/blog\/dolgok-amiket-el-kell-kerulni-horvatorszagban\/#faq-question-1676491079026"},{"@id":"https:\/\/villsy.com\/hu\/blog\/dolgok-amiket-el-kell-kerulni-horvatorszagban\/#faq-question-1676491096844"}],"inLanguage":"hu","potentialAction":[{"@type":"ReadAction","target":["https:\/\/villsy.com\/hu\/blog\/dolgok-amiket-el-kell-kerulni-horvatorszagban\/"]}]},{"@type":"BreadcrumbList","@id":"https:\/\/villsy.com\/hu\/blog\/dolgok-amiket-el-kell-kerulni-horvatorszagban\/#breadcrumb","itemListElement":[{"@type":"ListItem","position":1,"name":"Villsy","item":"https:\/\/villsy.com\/hu\/"},{"@type":"ListItem","position":2,"name":"Ker\u00fclend\u0151 dolgok Horv\u00e1torsz\u00e1gban"}]},{"@type":"WebSite","@id":"https:\/\/villsy.com\/hu\/#website","url":"https:\/\/villsy.com\/hu\/","name":"Villsy","description":"Just another WordPress site","potentialAction":[{"@type":"SearchAction","target":{"@type":"EntryPoint","urlTemplate":"https:\/\/villsy.com\/hu\/?s={search_term_string}"},"query-input":"required name=search_term_string"}],"inLanguage":"hu"},{"@type":"Person","@id":"https:\/\/villsy.com\/hu\/#\/schema\/person\/e3ee918d26f430770e6f666a55d22815","name":"villsy-seo","image":{"@type":"ImageObject","inLanguage":"hu","@id":"https:\/\/villsy.com\/hu\/#\/schema\/person\/image\/","url":"https:\/\/secure.gravatar.com\/avatar\/4fbee69d4f6b4040dfa676ee517c8958?s=96&d=mm&r=g","contentUrl":"https:\/\/secure.gravatar.com\/avatar\/4fbee69d4f6b4040dfa676ee517c8958?s=96&d=mm&r=g","caption":"villsy-seo"}},{"@type":"Question","@id":"https:\/\/villsy.com\/hu\/blog\/dolgok-amiket-el-kell-kerulni-horvatorszagban\/#faq-question-1676491047408","position":1,"url":"https:\/\/villsy.com\/hu\/blog\/dolgok-amiket-el-kell-kerulni-horvatorszagban\/#faq-question-1676491047408","name":"Do you tip in Croatia?","answerCount":1,"acceptedAnswer":{"@type":"Answer","text":"In Croatia, tipping is not as strict as in other countries. In restaurants and beauty\/spa services, it is polite to leave a 10% tip. In bars or caf\u00e9s, you can just round up the bill. Tour guides will appreciate a small tip, and you can round up to the next euro for taxi drivers.","inLanguage":"hu"},"inLanguage":"hu"},{"@type":"Question","@id":"https:\/\/villsy.com\/hu\/blog\/dolgok-amiket-el-kell-kerulni-horvatorszagban\/#faq-question-1676491079026","position":2,"url":"https:\/\/villsy.com\/hu\/blog\/dolgok-amiket-el-kell-kerulni-horvatorszagban\/#faq-question-1676491079026","name":"What's considered rude in Croatia?","answerCount":1,"acceptedAnswer":{"@type":"Answer","text":"Croatians will appreciate you not bringing up their political issues, being punctual, dressing more or less modestly in religious sites, and taking off your shoes before entering their homes.","inLanguage":"hu"},"inLanguage":"hu"},{"@type":"Question","@id":"https:\/\/villsy.com\/hu\/blog\/dolgok-amiket-el-kell-kerulni-horvatorszagban\/#faq-question-1676491096844","position":3,"url":"https:\/\/villsy.com\/hu\/blog\/dolgok-amiket-el-kell-kerulni-horvatorszagban\/#faq-question-1676491096844","name":"What should I be careful of in Croatia?","answerCount":1,"acceptedAnswer":{"@type":"Answer","text":"You can watch out for pickpocketing and ATM scams. Be careful not to get sunburned if you are visiting in summer and avoid overpriced unofficial tour guides.\u00a0","inLanguage":"hu"},"inLanguage":"hu"}]}},"_links":{"self":[{"href":"https:\/\/villsy.com\/hu\/wp-json\/wp\/v2\/posts\/9459"}],"collection":[{"href":"https:\/\/villsy.com\/hu\/wp-json\/wp\/v2\/posts"}],"about":[{"href":"https:\/\/villsy.com\/hu\/wp-json\/wp\/v2\/types\/post"}],"author":[{"embeddable":true,"href":"https:\/\/villsy.com\/hu\/wp-json\/wp\/v2\/users\/3"}],"replies":[{"embeddable":true,"href":"https:\/\/villsy.com\/hu\/wp-json\/wp\/v2\/comments?post=9459"}],"version-history":[{"count":7,"href":"https:\/\/villsy.com\/hu\/wp-json\/wp\/v2\/posts\/9459\/revisions"}],"predecessor-version":[{"id":10362,"href":"https:\/\/villsy.com\/hu\/wp-json\/wp\/v2\/posts\/9459\/revisions\/10362"}],"wp:featuredmedia":[{"embeddable":true,"href":"https:\/\/villsy.com\/hu\/wp-json\/wp\/v2\/media\/10348"}],"wp:attachment":[{"href":"https:\/\/villsy.com\/hu\/wp-json\/wp\/v2\/media?parent=9459"}],"wp:term":[{"taxonomy":"category","embeddable":true,"href":"https:\/\/villsy.com\/hu\/wp-json\/wp\/v2\/categories?post=9459"},{"taxonomy":"post_tag","embeddable":true,"href":"https:\/\/villsy.com\/hu\/wp-json\/wp\/v2\/tags?post=9459"}],"curies":[{"name":"wp","href":"https:\/\/api.w.org\/{rel}","templated":true}]}}