{"id":24396,"date":"2024-11-28T10:06:28","date_gmt":"2024-11-28T10:06:28","guid":{"rendered":"https:\/\/villsy.com\/?p=24396"},"modified":"2024-12-14T12:22:12","modified_gmt":"2024-12-14T12:22:12","slug":"vrsar-old-town","status":"publish","type":"post","link":"https:\/\/villsy.com\/hu\/blog\/vrsar-old-town\/","title":{"rendered":"Vrsar \u00f3v\u00e1rosa"},"content":{"rendered":"\n<p>Az <a href=\"https:\/\/villsy.com\/blog\/where-is-istria\/\">isztriai tengerparton<\/a> fekv\u0151 Vrsar \u00f3v\u00e1rosa egyed\u00fcl\u00e1ll\u00f3 betekint\u00e9st ny\u00fajt Horv\u00e1torsz\u00e1g t\u00f6rt\u00e9nelmi \u00e9s kultur\u00e1lis szem\u00e9lyis\u00e9g\u00e9be. A hegyoldalban fekv\u0151, kedves v\u00e1ros antik k\u0151\u00e9p\u00edt\u00e9szet\u00e9vel, kanyarg\u00f3s macskak\u00f6ves sik\u00e1torokkal \u00e9s az Adriai-tengerre ny\u00edl\u00f3 leny\u0171g\u00f6z\u0151 panor\u00e1m\u00e1val b\u00fcszk\u00e9lkedhet. <\/p>\n\n\n\n<p>Ha \u00fatiterv\u00e9ben szerepel egy itteni meg\u00e1ll\u00f3, bemutatjuk a kihagyhatatlan l\u00e1tnival\u00f3kat, kulin\u00e1ris \u00e9lvezeteket \u00e9s <a href=\"https:\/\/villsy.com\/hu\/blog\/what-to-do-in-vrsar\/\">tennival\u00f3kat Vrsarban<\/a> \u00e9s annak \u00f3v\u00e1ros\u00e1ban.<\/p>\n\n\n\n<h2 id=\"h-vrsar-ovarosanak-tortenelmi-kincsei\">Vrsar \u00f3v\u00e1ros\u00e1nak t\u00f6rt\u00e9nelmi kincsei<\/h2>\n\n\n\n<p>Vrsar \u00f3v\u00e1ros\u00e1nak hangulata tart\u00f3san vonz\u00f3, a fest\u0151i kil\u00e1t\u00e1s \u00e9s a k\u00f6z\u00e9pkori \u00e9p\u00edtm\u00e9nyeket \u00e9rintetlen\u00fcl meg\u0151rz\u0151, tart\u00f3s kever\u00e9ke.  <\/p>\n\n\n\n<p>Kezdje a felfedez\u00e9st a ker\u00fcl\u0151, karcs\u00fa sik\u00e1torokon val\u00f3 bolyong\u00e1ssal. Az id\u0151vonalat r\u00f3mai eredet\u0171 \u00e9p\u00edtm\u00e9nyek tark\u00edtj\u00e1k, amelyeket gondosan meg\u0151riztek, hogy t\u00fckr\u00f6zz\u00e9k Vrsar gy\u00f6keres \u00f6r\u00f6ks\u00e9g\u00e9t. <\/p>\n\n\n\n<p>Vrsar \u00f3v\u00e1ros\u00e1nak l\u00fcktet\u0151 magja a Trg Degrassi, a k\u00f6zponti t\u00e9r, amely a Degrassi-kl\u00e1nr\u00f3l elnevezett, egykor Vrsart lak\u00f3hely\u00fckkel megtisztel\u0151, tekint\u00e9lyes Degrassi-kl\u00e1n eml\u00e9k\u00e9t \u0151rzi.  <\/p>\n\n\n\n<p>Itt tal\u00e1lhat\u00f3 a Szent M\u00e1rton-templom. A XIX. sz\u00e1zadi szent\u00e9lyek ragyog\u00f3 p\u00e9ld\u00e1ja, tornyos harangtornya a templom megkoron\u00e1z\u00e1sa. A cs\u00facsra val\u00f3 felkapaszkod\u00e1s jutalma a tiszta panor\u00e1ma, amely Vrsar terrakotta h\u00e1ztet\u0151it \u00e9s az Adriai-tengerr\u0151l visszat\u00fckr\u00f6z\u0151d\u0151 csillog\u00e1st foglalja mag\u00e1ba.  <\/p>\n\n\n\n<p>A v\u00e1ros jellegzetes l\u00e1tnival\u00f3i k\u00f6z\u00e9 tartozik a rom\u00e1n st\u00edlus\u00fa Szent M\u00e1ria-bazilika. Ez a XII. sz\u00e1zadi szent\u00e9ly az \u00d3v\u00e1ros k\u00f6zponti r\u00e9sz\u00e9t\u0151l elszigetelten, de el\u00e9g k\u00f6zel helyezkedik el, \u00e9s gy\u00f6ny\u00f6r\u0171en foglalja mag\u00e1ba a k\u00f6z\u00e9pkori \u00e9p\u00fcletek primit\u00edv eszt\u00e9tik\u00e1j\u00e1t.   <\/p>\n\n\n\n<h2 id=\"h-tevekenysegek-es-elmenyek-vrsar-ovarosaban\">Tev\u00e9kenys\u00e9gek \u00e9s \u00e9lm\u00e9nyek Vrsar \u00f3v\u00e1ros\u00e1ban<\/h2>\n\n\n\n<p>Miut\u00e1n meg\u00edzlelte a t\u00f6rt\u00e9nelmi kil\u00e1t\u00e1st, Vrsar rengeteg aj\u00e1nlatot k\u00edn\u00e1l, hogy minden t\u00edpus\u00fa utaz\u00f3nak megfeleljen. A t\u00f6rt\u00e9nelem h\u00edvei sz\u00e1m\u00e1ra a vrsari v\u00e1r lehet a legval\u00f3sz\u00edn\u0171bb l\u00e1tnival\u00f3. A velenceiek uralkod\u00e1sa alatt \u00e9p\u00fclt k\u00f6z\u00e9pkori er\u0151d\u00edtm\u00e9ny r\u00e9szben romokban \u00e1ll. A domb cs\u00facs\u00e1n fekv\u0151 strat\u00e9giai pontj\u00e1r\u00f3l leny\u0171g\u00f6z\u0151 kil\u00e1t\u00e1s ny\u00edlik a tengerpartra \u00e9s a szomsz\u00e9dos szigetekre.   <\/p>\n\n\n\n<p>A m\u0171v\u00e9szet kedvel\u0151it a Du\u0161an D\u017eamonja Szoborpark h\u00edvogat\u00f3an fogja \u00e9rinteni. A v\u00e1rosk\u00f6zpontt\u00f3l egy k\u0151haj\u00edt\u00e1snyira tal\u00e1lhat\u00f3 szabadt\u00e9ri gal\u00e9ria a neves horv\u00e1t szobr\u00e1sz, Du\u0161an D\u017eamonja sz\u00e1mos alkot\u00e1s\u00e1t mutatja be. A bel\u00e9p\u00e9s ingyenes.    <\/p>\n\n\n\n<p>Ha hajlamos a szabadt\u00e9ri kalandokra, Vrsar \u00f3v\u00e1rosa k\u00e9nyelmesen, k\u00f6zel tal\u00e1lhat\u00f3 a k\u00fcl\u00f6nb\u00f6z\u0151 t\u00fara- \u00e9s hegyi ker\u00e9kp\u00e1rutakhoz, amelyek fest\u0151i kil\u00e1t\u00f3pontokhoz \u00e9s titkos \u00f6bl\u00f6kh\u00f6z vezetnek.  <\/p>\n\n\n\n<p>Lim Fjord ide\u00e1lis a szabadt\u00e9ri kalandokhoz. Csod\u00e1latos szikl\u00e1i \u00e9s \u00e1tl\u00e1tsz\u00f3 vize csup\u00e1n n\u00e9h\u00e1ny kilom\u00e9terre van Vrsart\u00f3l. <\/p>\n\n\n\n<p>A naps\u00fct\u00e9ses ny\u00e1ri napokon pedig, amikor csak pihen\u00e9sre v\u00e1gyik, l\u00e1togasson el Vrsar egyik <a href=\"https:\/\/villsy.com\/hu\/blog\/vrsar-strandok\/\">strandj\u00e1ra<\/a>.<\/p>\n\n\n\n<figure class=\"wp-block-image size-large\"><img loading=\"lazy\" width=\"1352\" height=\"900\" src=\"https:\/\/villsy.com\/wp-content\/uploads\/Vrsar-old-town-1352x900.jpg\" alt=\"Vrsar \u00f3v\u00e1rosa\" class=\"wp-image-23329\" srcset=\"https:\/\/villsy.com\/wp-content\/uploads\/Vrsar-old-town-1352x900.jpg 1352w, https:\/\/villsy.com\/wp-content\/uploads\/Vrsar-old-town-300x200.jpg 300w, https:\/\/villsy.com\/wp-content\/uploads\/Vrsar-old-town-768x511.jpg 768w, https:\/\/villsy.com\/wp-content\/uploads\/Vrsar-old-town-1536x1022.jpg 1536w, https:\/\/villsy.com\/wp-content\/uploads\/Vrsar-old-town.jpg 1600w\" sizes=\"(max-width: 1352px) 100vw, 1352px\" \/><\/figure>\n\n\n\n<h2 id=\"h-hol-lehet-enni-vrsar-ovarosaban\">Hol lehet enni Vrsar \u00f3v\u00e1ros\u00e1ban<\/h2>\n\n\n\n<p>Ha meg\u00e9hezik, Vrsar sz\u00e1mos \u00e9tkez\u00e9si lehet\u0151s\u00e9get k\u00edn\u00e1l, amelyek az <a href=\"https:\/\/villsy.com\/hu\/blog\/foodies-tapasztalatok-istria-148\/\">isztriai konyh\u00e1t<\/a> \u00e9s a friss tenger gy\u00fcm\u00f6lcseit emelik ki. Vrsar \u00f3v\u00e1ros\u00e1nak sz\u00e1mos \u00e9tterme b\u00fcszke arra, hogy helyben beszerzett alapanyagokat \u00e9s hagyom\u00e1nyos recepteket haszn\u00e1l, \u00edgy az \u00e9telek \u00edzletesen autentikusak. <\/p>\n\n\n\n<ol><li><strong>Konoba Kod Luce<\/strong><\/li><\/ol>\n\n\n\n<p>Vrsar sz\u00edv\u00e9ben tal\u00e1lhat\u00f3 ez a h\u00edvogat\u00f3 konoba (kocsma), amely a lakosok \u00e9s a l\u00e1togat\u00f3k kedvelt helye. Isztriai v\u00e1laszt\u00e9kot k\u00edn\u00e1lnak, bele\u00e9rtve a szarvasgomb\u00e1s t\u00e9szt\u00e1t, a tenger gy\u00fcm\u00f6lcseit \u00e9s a h\u00fas\u00e9teleket. A helysz\u00edn rusztikus b\u00e1jt sug\u00e1roz, \u00e9s a szabadt\u00e9ri \u00e9tkez\u0151 r\u00e9szleg\u00e9b\u0151l kellemes l\u00e1tv\u00e1nyt ny\u00fajtanak a falu k\u0151\u00e9p\u00edtm\u00e9nyei.  <\/p>\n\n\n\n<ol start=\"2\"><li><strong>Ristorante Tro\u0161t<\/strong><\/li><\/ol>\n\n\n\n<p>A kik\u00f6t\u0151 k\u00f6zel\u00e9ben tal\u00e1lhat\u00f3 Ristorante Tro\u0161t kiv\u00e1l\u00f3 v\u00e1laszt\u00e1s egy tengeri herkenty\u0171s lakom\u00e1hoz. \u00c9tlapjukon k\u00fcl\u00f6nf\u00e9le hal-, kagyl\u00f3- \u00e9s tintahal\u00e9telek szerepelnek, amelyeket gyakran hagyom\u00e1nyos isztriai receptek alapj\u00e1n k\u00e9sz\u00edtenek. A r\u00e9gi\u00f3 igazi \u00edzvil\u00e1g\u00e1nak megismer\u00e9s\u00e9hez p\u00e1ros\u00edtsa \u00e9tel\u00e9t egy poh\u00e1r helyi borral.  <\/p>\n\n\n\n<ol start=\"3\"><li><strong>Fan\u010dita<\/strong><\/li><\/ol>\n\n\n\n<p>A pizza szerelmeseinek a Fancita olasz ihlet\u00e9s\u0171 \u00e9telek sz\u00e9les v\u00e1laszt\u00e9k\u00e1t k\u00edn\u00e1lja nyugodt k\u00f6rnyezetben. Az \u00f3v\u00e1ros k\u00f6zel\u00e9ben tal\u00e1lhat\u00f3 pizz\u00e9ria n\u00e9pszer\u0171 fat\u00fczel\u00e9s\u0171 pizz\u00e1i, kiad\u00f3s t\u00e9szta\u00e9telei \u00e9s \u00edzletes desszertjei miatt. A Fancita fantasztikus v\u00e1laszt\u00e1s egy laza \u00e9tkez\u00e9shez egy v\u00e1rosn\u00e9z\u00e9ssel t\u00f6lt\u00f6tt nap ut\u00e1n.  <\/p>\n\n\n\n<h2 id=\"h-magaval-ragado-kilatas-es-naplemente\">Mag\u00e1val ragad\u00f3 kil\u00e1t\u00e1s \u00e9s naplemente<\/h2>\n\n\n\n<p>Amikor a napf\u00e9ny kezd elhalv\u00e1nyulni, navig\u00e1ljon Vrsar egyik fest\u0151i kil\u00e1t\u00f3pontja fel\u00e9, hogy szemtan\u00faja legyen az Adria f\u00f6l\u00f6tt lenyugv\u00f3 napnak. Az \u00f3v\u00e1rosban, els\u0151sorban a Szent M\u00e1rton-templom k\u00f6zel\u00e9ben tal\u00e1lhat\u00f3 kil\u00e1t\u00f3pontok p\u00e1ratlan l\u00e1tv\u00e1nyt ny\u00fajtanak a partvonalra \u00e9s a szomsz\u00e9dos szigetekre. <\/p>\n\n\n\n<p>A lenyugv\u00f3 nap Vrsarban t\u00falvil\u00e1gi b\u00e1jt \u00e1raszt, meleg f\u00e9nyben f\u00fcrdetve a telep\u00fcl\u00e9s \u0151si \u00e9p\u00edtm\u00e9nyeit, mik\u00f6zben az \u00f3ce\u00e1n hull\u00e1mai t\u00fckr\u00f6z\u0151dnek.<\/p>\n\n\n\n<h2 id=\"h-latogasson-el-vrsar-ovarosaba-es-szalljon-meg-villsy-villaiban\">L\u00e1togasson el Vrsar \u00f3v\u00e1ros\u00e1ba \u00e9s sz\u00e1lljon meg Villsy vill\u00e1iban<\/h2>\n\n\n\n<p>Miut\u00e1n befejezte a napi kalandokat, tegye eml\u00e9kezetess\u00e9 a nyaral\u00e1s\u00e1t azzal, hogy a Villsy k\u00edn\u00e1lat\u00e1b\u00f3l v\u00e1laszt egy vill\u00e1t.  <\/p>\n\n\n\n<p>Ezek a Villsy vill\u00e1k, amelyek hangulatos, pazar sz\u00e1ll\u00e1sokkal rendelkeznek, \u00e9s k\u00f6zel vannak minden nevezetess\u00e9ghez, ide\u00e1lis mened\u00e9ket ny\u00fajtanak a kikapcsol\u00f3d\u00e1shoz \u00e9s Horv\u00e1torsz\u00e1g l\u00e9legzetel\u00e1ll\u00edt\u00f3 tengerpartj\u00e1nak csod\u00e1latos sz\u00e9ps\u00e9g\u00e9nek megismer\u00e9s\u00e9hez.A <a href=\"https:\/\/villsy.com\/hu\/\">Villsy-n<\/a> kereszt\u00fcl szervezze meg tart\u00f3zkod\u00e1s\u00e1t, hogy harmonikusan egyes\u00edtse a k\u00e9nyelmet, az eleganci\u00e1t \u00e9s a Vrsar \u00f6sszes l\u00e1tnival\u00f3j\u00e1nak k\u00f6nnyed el\u00e9rhet\u0151s\u00e9g\u00e9t.A Villsy egy olyan \u00e9lm\u00e9nyt k\u00edn\u00e1l, amely harmonikusan \u00f6tv\u00f6zi a k\u00e9nyelmet, az eleganci\u00e1t \u00e9s a Vrsar \u00f6sszes l\u00e1tnival\u00f3j\u00e1nak k\u00f6nnyed el\u00e9rhet\u0151s\u00e9g\u00e9t.<\/p>\n","protected":false},"excerpt":{"rendered":"<p>Az isztriai tengerparton fekv\u0151 Vrsar \u00f3v\u00e1rosa egyed\u00fcl\u00e1ll\u00f3 betekint\u00e9st ny\u00fajt Horv\u00e1torsz\u00e1g t\u00f6rt\u00e9nelmi \u00e9s kultur\u00e1lis szem\u00e9lyis\u00e9g\u00e9be. A hegyoldalban fekv\u0151, kedves v\u00e1ros antik k\u0151\u00e9p\u00edt\u00e9szet\u00e9vel, kanyarg\u00f3s macskak\u00f6ves sik\u00e1torokkal \u00e9s az Adriai-tengerre ny\u00edl\u00f3 leny\u0171g\u00f6z\u0151 panor\u00e1m\u00e1val b\u00fcszk\u00e9lkedhet. Ha \u00fatiterv\u00e9ben szerepel egy itteni meg\u00e1ll\u00f3, bemutatjuk a kihagyhatatlan l\u00e1tnival\u00f3kat, kulin\u00e1ris \u00e9lvezeteket \u00e9s tennival\u00f3kat Vrsarban \u00e9s annak \u00f3v\u00e1ros\u00e1ban. Vrsar \u00f3v\u00e1ros\u00e1nak t\u00f6rt\u00e9nelmi kincsei Vrsar \u00f3v\u00e1ros\u00e1nak [&hellip;]<\/p>\n","protected":false},"author":3,"featured_media":23306,"comment_status":"open","ping_status":"open","sticky":false,"template":"","format":"standard","meta":[],"categories":[312],"tags":[695,560,429],"yoast_head":"<!-- This site is optimized with the Yoast SEO Premium plugin v19.2.1 (Yoast SEO v19.6.1) - https:\/\/yoast.com\/wordpress\/plugins\/seo\/ -->\n<title>Vrsar \u00f3v\u00e1rosa<\/title>\n<meta name=\"description\" content=\"Fedezze fel Vrsar \u00f3v\u00e1ros\u00e1t, az isztriai tengerpart b\u00e1jos gy\u00f6ngyszem\u00e9t. Fedezze fel gazdag t\u00f6rt\u00e9nelm\u00e9t, leny\u0171g\u00f6z\u0151 kil\u00e1t\u00e1s\u00e1t \u00e9s vibr\u00e1l\u00f3 mediterr\u00e1n hangulat\u00e1t.\" \/>\n<meta name=\"robots\" content=\"index, follow, max-snippet:-1, max-image-preview:large, max-video-preview:-1\" \/>\n<link rel=\"canonical\" href=\"https:\/\/villsy.com\/hu\/blog\/vrsar-old-town\/\" \/>\n<meta property=\"og:locale\" content=\"hu_HU\" \/>\n<meta property=\"og:type\" content=\"website\" \/>\n<meta property=\"og:title\" content=\"Vrsar \u00f3v\u00e1rosa\" \/>\n<meta property=\"og:description\" content=\"Fedezze fel Vrsar \u00f3v\u00e1ros\u00e1t, az isztriai tengerpart b\u00e1jos gy\u00f6ngyszem\u00e9t. Fedezze fel gazdag t\u00f6rt\u00e9nelm\u00e9t, leny\u0171g\u00f6z\u0151 kil\u00e1t\u00e1s\u00e1t \u00e9s vibr\u00e1l\u00f3 mediterr\u00e1n hangulat\u00e1t.\" \/>\n<meta property=\"og:url\" content=\"https:\/\/villsy.com\/hu\/blog\/vrsar-old-town\/\" \/>\n<meta property=\"og:site_name\" content=\"Villsy\" \/>\n<meta property=\"article:published_time\" content=\"2024-11-28T10:06:28+00:00\" \/>\n<meta property=\"article:modified_time\" content=\"2024-12-14T12:22:12+00:00\" \/>\n<meta property=\"og:image\" content=\"https:\/\/villsy.com\/wp-content\/uploads\/Vrsar-Istria.jpg\" \/>\n\t<meta property=\"og:image:width\" content=\"1600\" \/>\n\t<meta property=\"og:image:height\" content=\"1067\" \/>\n\t<meta property=\"og:image:type\" content=\"image\/jpeg\" \/>\n<meta name=\"author\" content=\"villsy-seo\" \/>\n<meta name=\"twitter:card\" content=\"summary_large_image\" \/>\n<meta name=\"twitter:label1\" content=\"Written by\" \/>\n\t<meta name=\"twitter:data1\" content=\"villsy-seo\" \/>\n\t<meta name=\"twitter:label2\" content=\"Est. reading time\" \/>\n\t<meta name=\"twitter:data2\" content=\"4 minutes\" \/>\n<!-- \/ Yoast SEO Premium plugin. -->","yoast_head_json":{"title":"Vrsar \u00f3v\u00e1rosa","description":"Fedezze fel Vrsar \u00f3v\u00e1ros\u00e1t, az isztriai tengerpart b\u00e1jos gy\u00f6ngyszem\u00e9t. Fedezze fel gazdag t\u00f6rt\u00e9nelm\u00e9t, leny\u0171g\u00f6z\u0151 kil\u00e1t\u00e1s\u00e1t \u00e9s vibr\u00e1l\u00f3 mediterr\u00e1n hangulat\u00e1t.","robots":{"index":"index","follow":"follow","max-snippet":"max-snippet:-1","max-image-preview":"max-image-preview:large","max-video-preview":"max-video-preview:-1"},"canonical":"https:\/\/villsy.com\/hu\/blog\/vrsar-old-town\/","og_locale":"hu_HU","og_type":"website","og_title":"Vrsar \u00f3v\u00e1rosa","og_description":"Fedezze fel Vrsar \u00f3v\u00e1ros\u00e1t, az isztriai tengerpart b\u00e1jos gy\u00f6ngyszem\u00e9t. Fedezze fel gazdag t\u00f6rt\u00e9nelm\u00e9t, leny\u0171g\u00f6z\u0151 kil\u00e1t\u00e1s\u00e1t \u00e9s vibr\u00e1l\u00f3 mediterr\u00e1n hangulat\u00e1t.","og_url":"https:\/\/villsy.com\/hu\/blog\/vrsar-old-town\/","og_site_name":"Villsy","article_published_time":"2024-11-28T10:06:28+00:00","article_modified_time":"2024-12-14T12:22:12+00:00","og_image":[{"width":1600,"height":1067,"url":"https:\/\/villsy.com\/wp-content\/uploads\/Vrsar-Istria.jpg","type":"image\/jpeg"}],"author":"villsy-seo","twitter_card":"summary_large_image","twitter_misc":{"Written by":"villsy-seo","Est. reading time":"4 minutes"},"schema":{"@context":"https:\/\/schema.org","@graph":[{"@type":"WebPage","@id":"https:\/\/villsy.com\/hu\/blog\/vrsar-old-town\/","url":"https:\/\/villsy.com\/hu\/blog\/vrsar-old-town\/","name":"Vrsar \u00f3v\u00e1rosa","isPartOf":{"@id":"https:\/\/villsy.com\/hu\/#website"},"datePublished":"2024-11-28T10:06:28+00:00","dateModified":"2024-12-14T12:22:12+00:00","author":{"@id":"https:\/\/villsy.com\/hu\/#\/schema\/person\/e3ee918d26f430770e6f666a55d22815"},"description":"Fedezze fel Vrsar \u00f3v\u00e1ros\u00e1t, az isztriai tengerpart b\u00e1jos gy\u00f6ngyszem\u00e9t. Fedezze fel gazdag t\u00f6rt\u00e9nelm\u00e9t, leny\u0171g\u00f6z\u0151 kil\u00e1t\u00e1s\u00e1t \u00e9s vibr\u00e1l\u00f3 mediterr\u00e1n hangulat\u00e1t.","breadcrumb":{"@id":"https:\/\/villsy.com\/hu\/blog\/vrsar-old-town\/#breadcrumb"},"inLanguage":"hu","potentialAction":[{"@type":"ReadAction","target":["https:\/\/villsy.com\/hu\/blog\/vrsar-old-town\/"]}]},{"@type":"BreadcrumbList","@id":"https:\/\/villsy.com\/hu\/blog\/vrsar-old-town\/#breadcrumb","itemListElement":[{"@type":"ListItem","position":1,"name":"Villsy","item":"https:\/\/villsy.com\/hu\/"},{"@type":"ListItem","position":2,"name":"Vrsar \u00f3v\u00e1rosa"}]},{"@type":"WebSite","@id":"https:\/\/villsy.com\/hu\/#website","url":"https:\/\/villsy.com\/hu\/","name":"Villsy","description":"Just another WordPress site","potentialAction":[{"@type":"SearchAction","target":{"@type":"EntryPoint","urlTemplate":"https:\/\/villsy.com\/hu\/?s={search_term_string}"},"query-input":"required name=search_term_string"}],"inLanguage":"hu"},{"@type":"Person","@id":"https:\/\/villsy.com\/hu\/#\/schema\/person\/e3ee918d26f430770e6f666a55d22815","name":"villsy-seo","image":{"@type":"ImageObject","inLanguage":"hu","@id":"https:\/\/villsy.com\/hu\/#\/schema\/person\/image\/","url":"https:\/\/secure.gravatar.com\/avatar\/4fbee69d4f6b4040dfa676ee517c8958?s=96&d=mm&r=g","contentUrl":"https:\/\/secure.gravatar.com\/avatar\/4fbee69d4f6b4040dfa676ee517c8958?s=96&d=mm&r=g","caption":"villsy-seo"}}]}},"_links":{"self":[{"href":"https:\/\/villsy.com\/hu\/wp-json\/wp\/v2\/posts\/24396"}],"collection":[{"href":"https:\/\/villsy.com\/hu\/wp-json\/wp\/v2\/posts"}],"about":[{"href":"https:\/\/villsy.com\/hu\/wp-json\/wp\/v2\/types\/post"}],"author":[{"embeddable":true,"href":"https:\/\/villsy.com\/hu\/wp-json\/wp\/v2\/users\/3"}],"replies":[{"embeddable":true,"href":"https:\/\/villsy.com\/hu\/wp-json\/wp\/v2\/comments?post=24396"}],"version-history":[{"count":3,"href":"https:\/\/villsy.com\/hu\/wp-json\/wp\/v2\/posts\/24396\/revisions"}],"predecessor-version":[{"id":24966,"href":"https:\/\/villsy.com\/hu\/wp-json\/wp\/v2\/posts\/24396\/revisions\/24966"}],"wp:featuredmedia":[{"embeddable":true,"href":"https:\/\/villsy.com\/hu\/wp-json\/wp\/v2\/media\/23306"}],"wp:attachment":[{"href":"https:\/\/villsy.com\/hu\/wp-json\/wp\/v2\/media?parent=24396"}],"wp:term":[{"taxonomy":"category","embeddable":true,"href":"https:\/\/villsy.com\/hu\/wp-json\/wp\/v2\/categories?post=24396"},{"taxonomy":"post_tag","embeddable":true,"href":"https:\/\/villsy.com\/hu\/wp-json\/wp\/v2\/tags?post=24396"}],"curies":[{"name":"wp","href":"https:\/\/api.w.org\/{rel}","templated":true}]}}