{"id":2386,"date":"2022-06-21T12:46:44","date_gmt":"2022-06-21T12:46:44","guid":{"rendered":"https:\/\/villsy.com\/blog\/sibenik-hrvatska-130\/"},"modified":"2023-07-26T14:58:06","modified_gmt":"2023-07-26T14:58:06","slug":"sibenik-hrvatska-130","status":"publish","type":"post","link":"https:\/\/villsy.com\/hr\/blog\/sibenik-hrvatska-130\/","title":{"rendered":"\u0160ibenik- Hrvatski grad festivala"},"content":{"rendered":"<p>Najstariji hrvatski grad na jadranskoj obali, \u0160ibenik je malo mjesto smje\u0161teno u Hrvatskoj. Bogat kulturom i svjetski poznat polo\u017eaj zbog Igre prijestolja, \u0160ibenik ne ostaje prepun turista. Stoga ga \u010dini savr\u0161enom turisti\u010dkom destinacijom u Europi. Vjekovna povijest govori da su Venecijanci vladali ovim \u0161armantnim gradom gotovo dva stolje\u0107a, a to se vidi i u arhitekturi ovog kraljevskog grada. Ovo je jedan od onih gradova koje biste voljeli istra\u017eiti pje\u0161ice dok se upoznate s hrvatskom povije\u0161\u0107u i kulturom.<\/p>\n<p>Nije jedno od odredi\u0161ta koje se uvijek nalazi na popisu mjesta koja morate posjetiti, ali trebalo bi biti. Europa je poznata po svojim malim gradovima i selima, ponose\u0107i se povijesnim zna\u010dajem za Rimljane i mnoga druga carstva. A ako pro\u017eivimo to doba, tko onda to ne bi \u017eelio?<\/p>\n<p>S pravom se ka\u017ee, <a href=\"\/hr\/kuce-za-odmor-hrvatska\/dalmatia\/sibenik\/\">\u0160ibenik<\/a> , najstariji hrvatski primorski grad na Jadranu, ima \u017eivopisnu povijesnu i kulturnu ba\u0161tinu.<\/p>\n<p>Planirate <a href=\"\/hr\/kuce-za-odmor-hrvatska\/\">putovanje u Hrvatsku<\/a> ? Dva dana posjetite \u0160ibenik.<\/p>\n<h2><strong>\u0160to u\u010diniti u \u0160ibeniku<\/strong><\/h2>\n<h3>Izlazak u nacionalne parkove<\/h3>\n<p>\u0160ibenik je jedno od onih mjesta u neposrednoj blizini dva prirodna nacionalna parka &#8211; Nacionalni park Kornati i Nacionalni park Krka. \u0160ibenik je jedno od onih mjesta koje le\u017ei u krilu majke prirode, \u0161to ga \u010dini jednim od mjesta koje treba posjetiti u Hrvatskoj. Postoje razni drugi nacionalni parkovi poput Nacionalnog parka Plitvi\u010dka jezera i Nacionalnog parka Paklenica.<\/p>\n<p>Postoje jednodnevni izleti u svaki od tih \u0161ibenskih parkova, a svaki od njih poznat je po nekim stvarima. Stoga je posje\u0107ivanje ovih nacionalnih parkova usred Jadranskog mora jedna opu\u0161taju\u0107a stvar koja \u0107e stvoriti uspomene za cijeli \u017eivot.<\/p>\n<p><img loading=\"lazy\" alt=\"Nacionalni park Kornati\" height=\"438\" src=\"\/wp-content\/uploads\/kornati_islands_5f314b3d02a99.png\" width=\"780\"\/><\/p>\n<h3>Vodene aktivnosti<\/h3>\n<p>Svi volimo provoditi vrijeme u vodama igraju\u0107i se s prijateljima i obiteljima. A <a href=\"\/hr\/blog\/4-najbolja-akva-parkovi-hrvatska-82\/\">akvaparkovi<\/a> su uvijek na vrhu popisa. Smje\u0161ten u odmarali\u0161tu Solaris Beach, Aquapark Solaris je vodeni zabavni park poznat po dje\u010djim putovanjima u Hrvatsku. Osim vodenog parka, iznajmljivanje vila s bazenima u blizini pla\u017ee i jadransko jahanje, ronjenje na dah, jet-ski, plivanje, ronjenje , jedrenje i jo\u0161 mnogo toga kombinira se u opu\u0161taju\u0107i, a opet bogat danima. Jo\u0161 jedna vodena aktivnost koju mo\u017eete obaviti je iznajmljivanje \u010damca i istra\u017eivanje obli\u017enjih malih otoka, \u0161to traje samo jedan dan.<\/p>\n<h3>Me\u0111unarodni festivali<\/h3>\n<p>\u0160ibenik je poznat i kao grad festivala. Jedan od nekih europskih gradova koji prikazuje razne festivale, \u0160ibenik postaje \u017eari\u0161te turista tijekom tih festivala. Tijekom ljeta dvije tvr\u0111ave Sv. Mihovil i Barone pretvaraju se u mjesto godi\u0161njeg kulturnog festivala. Odr\u017eavaju se brojni glazbeni i kulturni festivali, \u0161to je vrhunac ovog grada.<\/p>\n<p>Me\u0111unarodni dje\u010dji festival u lipnju, Salsa Beach Splash Festival u srpnju, Supertoon festival animiranog filma i mnogi drugi odr\u017eavaju se tijekom cijele godine u \u0160ibeniku. \u0160ibenik je grad zbog kojeg \u0107ete u srednjovjekovnom zlatnom razdoblju \u017eivjeti poput pravog rimskog kraljevstva.<\/p>\n<h3>Provedite ve\u010der na pla\u017eama<\/h3>\n<p>Hrvatska nije ni\u0161ta bez svojih pla\u017ea. A pla\u017ee \u0161ibenske rivijere slinju oko. Ljeta su samo sjedenje uz vodu na pla\u017eama i provo\u0111enje vremena sa svojim voljenima. \u0160ibenske pla\u017ee vrijedi posjetiti. Uz sve mogu\u0107nosti vodenih aktivnosti poput skijanja na vodi, kajakarenja na moru i raznih <a href=\"\/hr\/blog\/obiteljski-brod-izleti-dalmatija-87\/\">oto\u010dkih izleta<\/a> iz \u0160ibenika, ove pla\u017ee ispunjavaju. Osim toga, ljudi mogu nave\u010der sjediti uz vodu i piti lokalno hrvatsko vino i svjetski poznatu hranu.<\/p>\n<p>Pla\u017ea Banj, jedna od najposje\u0107enijih \u0161ljun\u010danih pla\u017ea, dodijelila je me\u0111unarodnu nagradu plava zastava za \u010disto\u0107u mora.<\/p>\n<p><img loading=\"lazy\" alt=\"Zalazak sunca Zadar\" height=\"519\" src=\"\/wp-content\/uploads\/sunset_5f314b7b0e0bf.png\" width=\"780\"\/><\/p>\n<p><em>kredit za sliku: dmytrok<\/em><\/p>\n<h2><strong>\u0160to vidjeti u \u0160ibeniku<\/strong><\/h2>\n<h3>Tvr\u0111ava sv<\/h3>\n<p>Jedna od destinacija Igara prijestolja, tvr\u0111ava sv. Ivana, tvr\u0111ava je u obliku zvijezde koja kao da lebdi iznad starog grada \u0160ibenika. Izgra\u0111ena 1646. godine, tipi\u010dna je vojna arhitektura 16. stolje\u0107a. Smje\u0161teno na bre\u017euljku, savr\u0161eno je mjesto za prisje\u0107anje na horizont i nepregledno Jadransko more. Mje\u0161tani preferiraju ovu tvr\u0111avu jer imaju vikend piknike u starim ru\u0161evinama s fantasti\u010dnim pogledom. Izgra\u0111ena je kako bi za\u0161titila grad \u0160ibenik od Turske.<\/p>\n<p><img loading=\"lazy\" alt=\"Fortres u \u0160ibeniku\" height=\"518\" src=\"\/wp-content\/uploads\/sibenik_fortres_5f314bae10f5d.png\" width=\"780\"\/><\/p>\n<p><em>zasluga za sliku: Jung von Chung<\/em><\/p>\n<h3>Crkva Svete Barbare<\/h3>\n<p>Jedna od razli\u010ditih crkava s mnogo zvona i satova, Crkva Svete Barbare, vi\u010de gr\u010dki dodir. Jedna od najsvetijih i najreligioznijih lokacija u \u0160ibeniku, ova je crkva monumentalna goti\u010dka arhitektura. Kao jedno od najposje\u0107enijih mjesta u \u0160ibeniku, ovo mjesto puno govori o gr\u010dkoj kulturi. Iznad glavnog ulaza nalazi se djelo talijanskog kipara. U crkvi se nalaze mnoge vitalne slike iz 14. i 17. stolje\u0107a. Tako goti\u010dka gra\u0111evina postaje jo\u0161 jedno od najposje\u0107enijih mjesta u Splitu.<\/p>\n<h3>Gra\u0111anski muzej<\/h3>\n<p>Smje\u0161ten u sredi\u0161tu grada Splita, gradski muzej ili gra\u0111anski muzej smje\u0161ten je u uskim ulicama ovog povijesnog grada. Mali, ali mo\u0107ni muzej slo\u017eena je gra\u0111evina koja se sastoji od arheolo\u0161kih, kulturno-povijesnih i etnografskih struktura. Osnovana 1925. godine, slave\u0107i 100. obljetnicu Kraljevine Hrvatske, nalazi se u neposrednoj blizini gradske katedrale. Ovo je savr\u0161eno mjesto za uklju\u010divanje u povijest \u0160ibenika. Tako\u0111er, \u0161to ste u\u010dinili, ako se niste uklju\u010dili u povijest Europe?<\/p>\n<p><img loading=\"lazy\" alt=\"Muzej u \u0160ibeniku\" height=\"780\" src=\"\/wp-content\/uploads\/muzej_grada_sibenika_5f314be83b260.png\" width=\"657\"\/><\/p>\n<p><em>kredit za sliku: aiva<\/em><\/p>\n<h3>Dalmatinsko etno selo<\/h3>\n<p>Jedan od najautenti\u010dnijih trenutaka koje \u0107ete do\u017eivjeti u \u0160ibeniku, Dalmatinsko etno selo mjesto je koje morate posjetiti na izletu u \u0160ibenik. Putnici koji tra\u017ee bogatstvo <a href=\"\/hr\/blog\/dalmacija-hrana-116\/\">kulinarske ba\u0161tine regije<\/a> , zajedno s iskustvom vrta i plo\u010da, trebali bi ovo mjesto zadr\u017eati na prvom mjestu. Ovo selo daje okus tradiciji kuhanja i poljoprivrednim metodama iz pro\u0161losti regije.<\/p>\n<p>Ovdje se mogu prona\u0107i ukusni rustikalni jelovnici, zajedno s lokalnim tradicionalnim rukotvorinama. Ovo je savr\u0161eno mjesto za do\u017eivjeti \u0161ibensku kulturu, sve na jednom mjestu. Najbolja stvar u ovom selu je \u0161to se ovdje kruh, sir, <a href=\"\/hr\/blog\/proizvodacimaslinovogulja-hrvatska-106\/\">maslinovo ulje<\/a> i rakija proizvode od nule prastarom tradicionalnom metodom, bez ikakve modernizacije. Stoga ovo mora biti jedno mjesto koje turisti nikako ne bi smjeli propustiti dok su u \u0160ibeniku.<\/p>\n<h2><strong>Zaklju\u010dak<\/strong><\/h2>\n<p>Izvanredan grad Hrvatske, \u0160ibenik mora biti na skupnom popisu putnika. Zanimljiva \u010dinjenica o \u0160ibeniku je da je to prvo mjesto gdje je struja strujala kroz \u017eice prije vi\u0161e od 120 godina.<\/p>\n<p>Nije li to uzbudljivo?<\/p>\n<p>Spakujmo kofere i napravimo uspomene na \u017eivot u \u0160ibeniku.<\/p>\n","protected":false},"excerpt":{"rendered":"<p>Istra\u017euju\u0107i hrvatski grad Festivali<\/p>\n","protected":false},"author":2,"featured_media":2378,"comment_status":"open","ping_status":"open","sticky":false,"template":"","format":"standard","meta":[],"categories":[304],"tags":[213,510,495],"yoast_head":"<!-- This site is optimized with the Yoast SEO Premium plugin v19.2.1 (Yoast SEO v19.6.1) - https:\/\/yoast.com\/wordpress\/plugins\/seo\/ -->\n<title>\u0160ibenik- Hrvatski grad festivala<\/title>\n<meta name=\"description\" content=\"Nacionalni park Krka, Me\u0111unarodni festivali, Dalmatinsko etno selo i Whatnot. Istra\u017eimo grad \u0160ibenik\" \/>\n<meta name=\"robots\" content=\"index, follow, max-snippet:-1, max-image-preview:large, max-video-preview:-1\" \/>\n<link rel=\"canonical\" href=\"https:\/\/villsy.com\/hr\/blog\/sibenik-hrvatska-130\/\" \/>\n<meta property=\"og:locale\" content=\"hr_HR\" \/>\n<meta property=\"og:type\" content=\"website\" \/>\n<meta property=\"og:title\" content=\"\u0160ibenik- Hrvatski grad festivala\" \/>\n<meta property=\"og:description\" content=\"Nacionalni park Krka, Me\u0111unarodni festivali, Dalmatinsko etno selo i Whatnot. Istra\u017eimo grad \u0160ibenik\" \/>\n<meta property=\"og:url\" content=\"https:\/\/villsy.com\/hr\/blog\/sibenik-hrvatska-130\/\" \/>\n<meta property=\"og:site_name\" content=\"Villsy\" \/>\n<meta property=\"article:published_time\" content=\"2022-06-21T12:46:44+00:00\" \/>\n<meta property=\"article:modified_time\" content=\"2023-07-26T14:58:06+00:00\" \/>\n<meta property=\"og:image\" content=\"https:\/\/villsy.com\/wp-content\/uploads\/-ibenik_5f314c3c7f3c7_1930x830r.png\" \/>\n<meta name=\"author\" content=\"villsy\" \/>\n<meta name=\"twitter:card\" content=\"summary_large_image\" \/>\n<meta name=\"twitter:title\" content=\"\u0160ibenik- Hrvatski grad festivala\" \/>\n<meta name=\"twitter:description\" content=\"Nacionalni park Krka, Me\u0111unarodni festivali, Dalmatinsko etno selo i Whatnot. Istra\u017eimo grad \u0160ibenik\" \/>\n<meta name=\"twitter:image\" content=\"https:\/\/villsy.com\/wp-content\/uploads\/-ibenik_5f314c3c7f3c7_1930x830r.png\" \/>\n<meta name=\"twitter:label1\" content=\"Written by\" \/>\n\t<meta name=\"twitter:data1\" content=\"villsy\" \/>\n\t<meta name=\"twitter:label2\" content=\"Est. reading time\" \/>\n\t<meta name=\"twitter:data2\" content=\"5 minuta\" \/>\n<!-- \/ Yoast SEO Premium plugin. -->","yoast_head_json":{"title":"\u0160ibenik- Hrvatski grad festivala","description":"Nacionalni park Krka, Me\u0111unarodni festivali, Dalmatinsko etno selo i Whatnot. Istra\u017eimo grad \u0160ibenik","robots":{"index":"index","follow":"follow","max-snippet":"max-snippet:-1","max-image-preview":"max-image-preview:large","max-video-preview":"max-video-preview:-1"},"canonical":"https:\/\/villsy.com\/hr\/blog\/sibenik-hrvatska-130\/","og_locale":"hr_HR","og_type":"website","og_title":"\u0160ibenik- Hrvatski grad festivala","og_description":"Nacionalni park Krka, Me\u0111unarodni festivali, Dalmatinsko etno selo i Whatnot. Istra\u017eimo grad \u0160ibenik","og_url":"https:\/\/villsy.com\/hr\/blog\/sibenik-hrvatska-130\/","og_site_name":"Villsy","article_published_time":"2022-06-21T12:46:44+00:00","article_modified_time":"2023-07-26T14:58:06+00:00","og_image":[{"url":"https:\/\/villsy.com\/wp-content\/uploads\/-ibenik_5f314c3c7f3c7_1930x830r.png"}],"author":"villsy","twitter_card":"summary_large_image","twitter_title":"\u0160ibenik- Hrvatski grad festivala","twitter_description":"Nacionalni park Krka, Me\u0111unarodni festivali, Dalmatinsko etno selo i Whatnot. Istra\u017eimo grad \u0160ibenik","twitter_image":"https:\/\/villsy.com\/wp-content\/uploads\/-ibenik_5f314c3c7f3c7_1930x830r.png","twitter_misc":{"Written by":"villsy","Est. reading time":"5 minuta"},"schema":{"@context":"https:\/\/schema.org","@graph":[{"@type":"WebPage","@id":"https:\/\/villsy.com\/hr\/blog\/sibenik-hrvatska-130\/","url":"https:\/\/villsy.com\/hr\/blog\/sibenik-hrvatska-130\/","name":"\u0160ibenik- Hrvatski grad festivala","isPartOf":{"@id":"https:\/\/villsy.com\/hr\/#website"},"datePublished":"2022-06-21T12:46:44+00:00","dateModified":"2023-07-26T14:58:06+00:00","author":{"@id":"https:\/\/villsy.com\/hr\/#\/schema\/person\/03ae02d4d00f12f9bf72d768347c7781"},"description":"Nacionalni park Krka, Me\u0111unarodni festivali, Dalmatinsko etno selo i Whatnot. Istra\u017eimo grad \u0160ibenik","breadcrumb":{"@id":"https:\/\/villsy.com\/hr\/blog\/sibenik-hrvatska-130\/#breadcrumb"},"inLanguage":"hr","potentialAction":[{"@type":"ReadAction","target":["https:\/\/villsy.com\/hr\/blog\/sibenik-hrvatska-130\/"]}]},{"@type":"BreadcrumbList","@id":"https:\/\/villsy.com\/hr\/blog\/sibenik-hrvatska-130\/#breadcrumb","itemListElement":[{"@type":"ListItem","position":1,"name":"Villsy","item":"https:\/\/villsy.com\/hr\/"},{"@type":"ListItem","position":2,"name":"\u0160ibenik- Hrvatski grad festivala"}]},{"@type":"WebSite","@id":"https:\/\/villsy.com\/hr\/#website","url":"https:\/\/villsy.com\/hr\/","name":"Villsy","description":"Just another WordPress site","potentialAction":[{"@type":"SearchAction","target":{"@type":"EntryPoint","urlTemplate":"https:\/\/villsy.com\/hr\/?s={search_term_string}"},"query-input":"required name=search_term_string"}],"inLanguage":"hr"},{"@type":"Person","@id":"https:\/\/villsy.com\/hr\/#\/schema\/person\/03ae02d4d00f12f9bf72d768347c7781","name":"villsy","image":{"@type":"ImageObject","inLanguage":"hr","@id":"https:\/\/villsy.com\/hr\/#\/schema\/person\/image\/","url":"https:\/\/secure.gravatar.com\/avatar\/960406d82503287bd7890d41978caa11?s=96&d=mm&r=g","contentUrl":"https:\/\/secure.gravatar.com\/avatar\/960406d82503287bd7890d41978caa11?s=96&d=mm&r=g","caption":"villsy"}}]}},"_links":{"self":[{"href":"https:\/\/villsy.com\/hr\/wp-json\/wp\/v2\/posts\/2386"}],"collection":[{"href":"https:\/\/villsy.com\/hr\/wp-json\/wp\/v2\/posts"}],"about":[{"href":"https:\/\/villsy.com\/hr\/wp-json\/wp\/v2\/types\/post"}],"author":[{"embeddable":true,"href":"https:\/\/villsy.com\/hr\/wp-json\/wp\/v2\/users\/2"}],"replies":[{"embeddable":true,"href":"https:\/\/villsy.com\/hr\/wp-json\/wp\/v2\/comments?post=2386"}],"version-history":[{"count":3,"href":"https:\/\/villsy.com\/hr\/wp-json\/wp\/v2\/posts\/2386\/revisions"}],"predecessor-version":[{"id":6515,"href":"https:\/\/villsy.com\/hr\/wp-json\/wp\/v2\/posts\/2386\/revisions\/6515"}],"wp:featuredmedia":[{"embeddable":true,"href":"https:\/\/villsy.com\/hr\/wp-json\/wp\/v2\/media\/2378"}],"wp:attachment":[{"href":"https:\/\/villsy.com\/hr\/wp-json\/wp\/v2\/media?parent=2386"}],"wp:term":[{"taxonomy":"category","embeddable":true,"href":"https:\/\/villsy.com\/hr\/wp-json\/wp\/v2\/categories?post=2386"},{"taxonomy":"post_tag","embeddable":true,"href":"https:\/\/villsy.com\/hr\/wp-json\/wp\/v2\/tags?post=2386"}],"curies":[{"name":"wp","href":"https:\/\/api.w.org\/{rel}","templated":true}]}}