{"id":21702,"date":"2024-08-20T16:02:18","date_gmt":"2024-08-20T16:02:18","guid":{"rendered":"https:\/\/villsy.com\/?p=21702"},"modified":"2024-08-26T15:34:54","modified_gmt":"2024-08-26T15:34:54","slug":"co-delat-v-pula-chorvatsku","status":"publish","type":"post","link":"https:\/\/villsy.com\/cs\/blog\/co-delat-v-pula-chorvatsku\/","title":{"rendered":"Co d\u011blat v Pule Chorvatsko"},"content":{"rendered":"\n<p><a href=\"https:\/\/villsy.com\/cs\/blog\/cervene-131\/\">Pula<\/a> se nach\u00e1z\u00ed na Istrijsk\u00e9m poloostrov\u011b a je okouzluj\u00edc\u00edm pob\u0159e\u017en\u00edm m\u011bstem s bohatou histori\u00ed, kulturou a p\u0159\u00edrodn\u00edmi kr\u00e1sami. Pula je proslul\u00e1 svou p\u016fsobivou \u0159\u00edmskou architekturou, zejm\u00e9na pulskou ar\u00e9nou, jedn\u00edm z nejl\u00e9pe zachovan\u00fdch amfite\u00e1tr\u016f na sv\u011bt\u011b. Historick\u00fd p\u016fvab m\u011bsta dopl\u0148uje malebn\u00e9 pob\u0159e\u017e\u00ed, kter\u00e9 nab\u00edz\u00ed \u0159adu rekrea\u010dn\u00edch aktivit.    <\/p>\n\n\n\n<p>Pokud hled\u00e1te luxusn\u00ed ubytov\u00e1n\u00ed, <a href=\"https:\/\/villsy.com\/cs\/vila-chorvatsko\/istrie\/pula\/\">na\u0161e vily v Pule<\/a> jsou ide\u00e1ln\u00edm v\u00fdchoz\u00edm bodem pro pozn\u00e1v\u00e1n\u00ed m\u011bsta. Tyto vily maj\u00ed vlastn\u00ed baz\u00e9ny, prostorn\u00e9 terasy a modern\u00ed vybaven\u00ed, tak\u017ee jsou obl\u00edben\u00e9 u rodin a skupin. A\u0165 u\u017e hled\u00e1te odpo\u010dinek nebo dobrodru\u017estv\u00ed, <a href=\"https:\/\/villsy.com\/cs\/vila-chorvatsko\/istrie\/vila-vyhledem-more\/\">vily s v\u00fdhledem na mo\u0159e<\/a> v Pule nab\u00edzej\u00ed vynikaj\u00edc\u00ed kombinaci oboj\u00edho a poskytuj\u00ed exkluzivn\u00ed a pohodln\u00e9 z\u00e1\u017eitky p\u0159i pozn\u00e1v\u00e1n\u00ed p\u0159\u00edrodn\u00edch kr\u00e1s a historick\u00fdch pam\u00e1tek regionu.  <\/p>\n\n\n\n<p>Zde jsou n\u011bkter\u00e9 z nejzaj\u00edmav\u011bj\u0161\u00edch aktivit v Pule, abyste si n\u00e1v\u0161t\u011bvu m\u011bsta co nejv\u00edce u\u017eili.<\/p>\n\n\n\n<h2 id=\"h-vylety-za-delfiny-a-zapadem-slunce\">V\u00fdlety za delf\u00edny a z\u00e1padem slunce<\/h2>\n\n\n\n<p>V\u00fdlety za delf\u00edny a z\u00e1padem slunce pat\u0159\u00ed k nej\u00fa\u017easn\u011bj\u0161\u00edm z\u00e1\u017eitk\u016fm v Pule.\nTyto v\u00fdlety jsou nezapomenutelnou p\u0159\u00edle\u017eitost\u00ed, jak se st\u00e1t sv\u011bdkem p\u0159\u00edrodn\u00edch kr\u00e1s Jadersk\u00e9ho mo\u0159e a z\u00e1rove\u0148 se setkat s jeho \u017eiv\u00fdm mo\u0159sk\u00fdm \u017eivotem v t\u00e9 nej\u010dist\u0161\u00ed podob\u011b. <\/p>\n\n\n\n<p>V\u00fdlety obvykle za\u010d\u00ednaj\u00ed odpoledne a zahrnuj\u00ed klidnou j\u00edzdu lod\u00ed, kter\u00e1 cestuj\u00edc\u00edm umo\u017e\u0148uje vychutnat si klidnou pob\u0159e\u017en\u00ed scen\u00e9rii, zat\u00edmco delf\u00edni plavou a sk\u00e1\u010dou pod\u00e9l lod\u00ed a vytv\u00e1\u0159ej\u00ed tak skute\u010dn\u011b kouzeln\u00fd z\u00e1\u017eitek.\nN\u011bkdy mohou tyto v\u00fdlety zahrnovat tak\u00e9 mo\u017enost \u0161norchlov\u00e1n\u00ed a koup\u00e1n\u00ed, co\u017e host\u016fm umo\u017e\u0148uje d\u00e1le prozkoumat \u010dist\u00e9 vody a rozmanit\u00e9 mo\u0159sk\u00e9 ekosyst\u00e9my Jadranu.   <\/p>\n\n\n\n<figure class=\"wp-block-image size-large\"><img loading=\"lazy\" width=\"1348\" height=\"900\" src=\"https:\/\/villsy.com\/wp-content\/uploads\/bigstock-Sea-Rocks-And-Tower-In-Nora-Ne-133643720-1348x900.jpg\" alt=\"\" class=\"wp-image-21441\" srcset=\"https:\/\/villsy.com\/wp-content\/uploads\/bigstock-Sea-Rocks-And-Tower-In-Nora-Ne-133643720-1348x900.jpg 1348w, https:\/\/villsy.com\/wp-content\/uploads\/bigstock-Sea-Rocks-And-Tower-In-Nora-Ne-133643720-300x200.jpg 300w, https:\/\/villsy.com\/wp-content\/uploads\/bigstock-Sea-Rocks-And-Tower-In-Nora-Ne-133643720-768x513.jpg 768w, https:\/\/villsy.com\/wp-content\/uploads\/bigstock-Sea-Rocks-And-Tower-In-Nora-Ne-133643720-1536x1025.jpg 1536w, https:\/\/villsy.com\/wp-content\/uploads\/bigstock-Sea-Rocks-And-Tower-In-Nora-Ne-133643720.jpg 1600w\" sizes=\"(max-width: 1348px) 100vw, 1348px\" \/><\/figure>\n\n\n\n<h2 id=\"h-objevte-narodni-park-brijuni\">Objevte N\u00e1rodn\u00ed park Brijuni<\/h2>\n\n\n\n<p>N\u00e1rodn\u00ed park Brijuni, \u00fachvatn\u00e9 souostrov\u00ed vzd\u00e1len\u00e9 jen kousek od Puly, je r\u00e1jem p\u0159\u00edrodn\u00edch kr\u00e1s a historick\u00e9ho v\u00fdznamu.\nPark zahrnuje 14 ostrov\u016f a je chr\u00e1n\u011bnou oblast\u00ed uzn\u00e1vanou pro svou kr\u00e1snou krajinu, rozmanit\u00e9 ekosyst\u00e9my a bohat\u00fd kulturn\u00ed odkaz. <\/p>\n\n\n\n<p>Ze 14 ostrov\u016f je Veli Brijun nejv\u011bt\u0161\u00ed a nejp\u0159\u00edstupn\u011bj\u0161\u00ed a je domovem rozmanit\u00e9 fl\u00f3ry a fauny, v\u010detn\u011b safari parku s exotick\u00fdmi zv\u00ed\u0159aty, jako jsou zebry a sloni.\nOstrov je domovem pozoruhodn\u00e9ho mno\u017estv\u00ed rostlinn\u00fdch druh\u016f, z nich\u017e n\u011bkter\u00e9 jsou endemick\u00e9 pro tuto oblast.   <\/p>\n\n\n\n<p>Na ostrov\u011b si m\u016f\u017eete prohl\u00e9dnout zachovalou \u0159\u00edmskou vilu z 1. stolet\u00ed p\u0159. n. l.\nTento vilov\u00fd komplex zahrnuje zbytky obytn\u00fdch prostor, \u0159\u00edmsk\u00e9 l\u00e1zn\u011b a mozaiky, kter\u00e9 p\u0159ibli\u017euj\u00ed luxusn\u00ed \u017eivotn\u00ed styl jeho d\u00e1vn\u00fdch obyvatel.\nPoloha vily nab\u00edz\u00ed n\u00e1dhern\u00fd v\u00fdhled na Jadersk\u00e9 mo\u0159e, co\u017e j\u00ed dod\u00e1v\u00e1 na historick\u00e9m p\u016fvabu.\nKrom\u011b \u0159\u00edmsk\u00fdch ruin se na Veli Brijun nach\u00e1z\u00ed tak\u00e9 byzantsk\u00e1 pevnost, kter\u00e1 je dokladem strategick\u00e9ho v\u00fdznamu ostrova ve St\u0159edozemn\u00edm mo\u0159i v pr\u016fb\u011bhu d\u011bjin, a tak\u00e9 poz\u016fstatky chr\u00e1mu zasv\u011bcen\u00e9ho Venu\u0161i z 1. stolet\u00ed n. l., kter\u00e9 odr\u00e1\u017eej\u00ed n\u00e1bo\u017eensk\u00e9 zvyklosti t\u00e9 doby a kulturn\u00ed vlivy, je\u017e tento region formovaly.   <\/p>\n\n\n\n<p>Krom\u011b p\u0159\u00edrodn\u00edch a historick\u00fdch zaj\u00edmavost\u00ed nab\u00edz\u00ed N\u00e1rodn\u00ed park Brijuni \u0159adu rekrea\u010dn\u00edch aktivit.\nDob\u0159e udr\u017eovan\u00e9 stezky a vyhl\u00eddkov\u00e9 cesty na ostrov\u011b jsou ide\u00e1ln\u00ed pro cyklistiku a p\u011b\u0161\u00ed turistiku a m\u016f\u017eete tak\u00e9 vyu\u017e\u00edt mo\u017enosti zahr\u00e1t si golf na ostrovn\u00edm golfov\u00e9m h\u0159i\u0161ti, kter\u00e9 je jedn\u00edm z nejstar\u0161\u00edch v Evrop\u011b. <\/p>\n\n\n\n<h2 id=\"h-objevte-tunely-zerostrasse\">Objevte tunely Zerostrasse<\/h2>\n\n\n\n<p>Pod m\u011bstem Pula se nach\u00e1z\u00ed skryt\u00fd klenot, tunely Zerostrasse.\nTyto podzemn\u00ed tunely, vybudovan\u00e9 b\u011bhem prvn\u00ed sv\u011btov\u00e9 v\u00e1lky, byly p\u016fvodn\u011b ur\u010deny jako v\u00e1le\u010dn\u00fd \u00fakryt pro obyvatele m\u011bsta.   <\/p>\n\n\n\n<p>Dnes slou\u017e\u00ed tunely jako fascinuj\u00edc\u00ed historick\u00e1 atrakce, kter\u00e1 nab\u00edz\u00ed pohled do minulosti Puly.\nExpon\u00e1ty v tunelech zahrnuj\u00ed podrobn\u00e9 mapy, osobn\u00ed p\u0159\u00edb\u011bhy a uk\u00e1zky v\u00e1le\u010dn\u00e9ho vybaven\u00ed, kter\u00e9 vykresluj\u00ed \u017eiv\u00fd obraz \u017eivota b\u011bhem prvn\u00ed sv\u011btov\u00e9 v\u00e1lky. Tento podzemn\u00ed labyrint je nejen cestou do historie, ale tak\u00e9 sv\u011bdectv\u00edm o hou\u017eevnatosti obyvatel m\u011bsta. <\/p>\n\n\n\n<h2 id=\"h-prohlednete-si-akvarium-v-pule\">Prohl\u00e9dn\u011bte si akv\u00e1rium v Pule<\/h2>\n\n\n\n<p>Akv\u00e1rium v Pule, kter\u00e9 se nach\u00e1z\u00ed v historick\u00e9 pevnosti Verudela, nab\u00edz\u00ed fascinuj\u00edc\u00ed kombinaci mo\u0159sk\u00e9ho pr\u016fzkumu a historick\u00e9ho prost\u0159ed\u00ed, a je tak nep\u0159ehl\u00e9dnutelnou destinac\u00ed pro milovn\u00edky mo\u0159e, rodiny s d\u011btmi i milovn\u00edky historie.\nAkv\u00e1rium s\u00eddl\u00ed v b\u00fdval\u00e9 rakousko-uhersk\u00e9 pevnosti, kter\u00e1 poskytuje jedine\u010dn\u00e9 a atmosf\u00e9rick\u00e9 prost\u0159ed\u00ed, je\u017e umoc\u0148uje z\u00e1\u017eitek z objevov\u00e1n\u00ed div\u016f Jadersk\u00e9ho mo\u0159e.   <\/p>\n\n\n\n<p>V pulsk\u00e9m akv\u00e1riu se nach\u00e1z\u00ed rozs\u00e1hl\u00e1 rozmanitost mo\u0159sk\u00fdch \u017eivo\u010dich\u016f, kter\u00e1 dokl\u00e1d\u00e1 neuv\u011b\u0159itelnou biologickou rozmanitost jadransk\u00e9ho regionu.\nN\u00e1v\u0161t\u011bvn\u00edci zde mohou vid\u011bt \u017eraloky, mo\u0159sk\u00e9 kon\u00edky, med\u00fazy a nejr\u016fzn\u011bj\u0161\u00ed barevn\u00e9 ryby.\nExpozice akv\u00e1ria jsou z\u00e1m\u011brn\u011b postaveny tak, aby napodobovaly p\u0159irozen\u00e9 prost\u0159ed\u00ed, a umo\u017e\u0148uj\u00ed tak n\u00e1v\u0161t\u011bvn\u00edk\u016fm bl\u00ed\u017ee poznat slo\u017eit\u00e9 ekosyst\u00e9my, kter\u00e9 existuj\u00ed pod mo\u0159skou hladinou.    <\/p>\n\n\n\n<p>Akv\u00e1rium se tak\u00e9 aktivn\u011b pod\u00edl\u00ed na aktivit\u00e1ch na ochranu mo\u0159sk\u00e9ho prost\u0159ed\u00ed, jako je z\u00e1chrana a rehabilitace mo\u0159sk\u00fdch \u017eelv a ochrana ohro\u017een\u00fdch druh\u016f.\nPro d\u011bti i dosp\u011bl\u00e9 jsou k dispozici vzd\u011bl\u00e1vac\u00ed aktivity a semin\u00e1\u0159e, kter\u00e9 zvy\u0161uj\u00ed pov\u011bdom\u00ed o ochran\u011b mo\u0159\u00ed a podporuj\u00ed zodpov\u011bdn\u00e9 chov\u00e1n\u00ed. <\/p>\n\n\n\n<figure class=\"wp-block-image size-large\"><img loading=\"lazy\" width=\"1350\" height=\"900\" src=\"https:\/\/villsy.com\/wp-content\/uploads\/bigstock-Fish-In-The-Aquarium-295056556-1350x900.jpg\" alt=\"\" class=\"wp-image-21426\" srcset=\"https:\/\/villsy.com\/wp-content\/uploads\/bigstock-Fish-In-The-Aquarium-295056556-1350x900.jpg 1350w, https:\/\/villsy.com\/wp-content\/uploads\/bigstock-Fish-In-The-Aquarium-295056556-300x200.jpg 300w, https:\/\/villsy.com\/wp-content\/uploads\/bigstock-Fish-In-The-Aquarium-295056556-768x512.jpg 768w, https:\/\/villsy.com\/wp-content\/uploads\/bigstock-Fish-In-The-Aquarium-295056556-1536x1024.jpg 1536w, https:\/\/villsy.com\/wp-content\/uploads\/bigstock-Fish-In-The-Aquarium-295056556.jpg 1600w\" sizes=\"(max-width: 1350px) 100vw, 1350px\" \/><\/figure>\n\n\n\n<h2 id=\"h-navsteva-historicke-pevnosti-kastel\">N\u00e1v\u0161t\u011bva historick\u00e9 pevnosti Kastel<\/h2>\n\n\n\n<p>Pevnost Kastel, kter\u00e1 se ty\u010d\u00ed na <a href=\"https:\/\/villsy.com\/cs\/blog\/istrijskamesta-153\/\">vrcholu kopce<\/a> a shl\u00ed\u017e\u00ed na m\u011bsto, je jednou z nejzn\u00e1m\u011bj\u0161\u00edch pam\u00e1tek Puly. Pevnost postavili Ben\u00e1t\u010dan\u00e9 v 17. stolet\u00ed, aby chr\u00e1nili m\u011bsto p\u0159ed n\u00e1mo\u0159n\u00edmi n\u00e1jezdy, a od t\u00e9 doby se stala symbolem bohat\u00e9ho historick\u00e9ho a architektonick\u00e9ho d\u011bdictv\u00ed Puly. Jej\u00ed strategick\u00e1 poloha poskytuje n\u00e1dhern\u00fd panoramatick\u00fd v\u00fdhled na m\u011bsto i Jadersk\u00e9 mo\u0159e.  <\/p>\n\n\n\n<p>Historick\u00e9 a n\u00e1mo\u0159n\u00ed muzeum <a href=\"https:\/\/villsy.com\/cs\/blog\/nejkrasnejsimista-istrie-159\/\">Istrie<\/a>, kter\u00e9 se nach\u00e1z\u00ed uvnit\u0159 pevnosti, nab\u00edz\u00ed podrobn\u00fd pohled na bohatou historii regionu. V muzeu je vystavena rozs\u00e1hl\u00e1 sb\u00edrka n\u00e1mo\u0159n\u00edch pam\u00e1tek, kter\u00e9 dokl\u00e1daj\u00ed v\u00fdznam Puly jako historick\u00e9ho p\u0159\u00edstavn\u00edho m\u011bsta. Sou\u010d\u00e1st\u00ed expozic jsou historick\u00e9 zbran\u011b, kter\u00e9 p\u0159ibli\u017euj\u00ed vojenskou minulost regionu, a tak\u00e9 tradi\u010dn\u00ed kroje, kter\u00e9 zd\u016fraz\u0148uj\u00ed <a href=\"https:\/\/villsy.com\/cs\/blog\/5-dobrych-duvodu-navsteva-istrie-20\/\">kulturn\u00ed rozmanitost Istrie<\/a>. Muzejn\u00ed artefakty umo\u017e\u0148uj\u00ed nahl\u00e9dnout do ka\u017edodenn\u00edho \u017eivota, kultury a historick\u00fdch ud\u00e1lost\u00ed, kter\u00e9 ur\u010dovaly Pulu a jej\u00ed okol\u00ed.   <\/p>\n\n\n\n<p>Pevnost m\u00e1 tak\u00e9 velk\u00fd kulturn\u00ed v\u00fdznam, proto\u017ee se v n\u00ed \u010dasto konaj\u00ed r\u016fzn\u00e9 kulturn\u00ed akce, v\u010detn\u011b koncert\u016f, divadeln\u00edch p\u0159edstaven\u00ed a festival\u016f.<\/p>\n","protected":false},"excerpt":{"rendered":"<p>Pula se nach\u00e1z\u00ed na Istrijsk\u00e9m poloostrov\u011b a je okouzluj\u00edc\u00edm pob\u0159e\u017en\u00edm m\u011bstem s bohatou histori\u00ed, kulturou a p\u0159\u00edrodn\u00edmi kr\u00e1sami.<\/p>\n","protected":false},"author":3,"featured_media":21458,"comment_status":"open","ping_status":"open","sticky":false,"template":"","format":"standard","meta":[],"categories":[602],"tags":[562,856],"yoast_head":"<!-- This site is optimized with the Yoast SEO Premium plugin v19.2.1 (Yoast SEO v19.6.1) - https:\/\/yoast.com\/wordpress\/plugins\/seo\/ -->\n<title>Co d\u011blat v Pule Chorvatsko - Villsy<\/title>\n<meta name=\"description\" content=\"Prozkoumejte star\u00e9 m\u011bsto Puly: Projd\u011bte se po starov\u011bk\u00fdch \u0159\u00edmsk\u00fdch ruin\u00e1ch, ochutnejte m\u00edstn\u00ed kuchyni a pono\u0159te se do bohat\u00e9 historie.\" \/>\n<meta name=\"robots\" content=\"index, follow, max-snippet:-1, max-image-preview:large, max-video-preview:-1\" \/>\n<link rel=\"canonical\" href=\"https:\/\/villsy.com\/cs\/blog\/co-delat-v-pula-chorvatsku\/\" \/>\n<meta property=\"og:locale\" content=\"en_US\" \/>\n<meta property=\"og:type\" content=\"website\" \/>\n<meta property=\"og:title\" content=\"Co d\u011blat v Pule Chorvatsko - Villsy\" \/>\n<meta property=\"og:description\" content=\"Prozkoumejte star\u00e9 m\u011bsto Puly: Projd\u011bte se po starov\u011bk\u00fdch \u0159\u00edmsk\u00fdch ruin\u00e1ch, ochutnejte m\u00edstn\u00ed kuchyni a pono\u0159te se do bohat\u00e9 historie.\" \/>\n<meta property=\"og:url\" content=\"https:\/\/villsy.com\/cs\/blog\/co-delat-v-pula-chorvatsku\/\" \/>\n<meta property=\"og:site_name\" content=\"Villsy\" \/>\n<meta property=\"article:published_time\" content=\"2024-08-20T16:02:18+00:00\" \/>\n<meta property=\"article:modified_time\" content=\"2024-08-26T15:34:54+00:00\" \/>\n<meta property=\"og:image\" content=\"https:\/\/villsy.com\/wp-content\/uploads\/bigstock-Roman-amphitheatre-Arena-in-49152014.jpg\" \/>\n\t<meta property=\"og:image:width\" content=\"1600\" \/>\n\t<meta property=\"og:image:height\" content=\"1067\" \/>\n\t<meta property=\"og:image:type\" content=\"image\/jpeg\" \/>\n<meta name=\"author\" content=\"villsy-seo\" \/>\n<meta name=\"twitter:card\" content=\"summary_large_image\" \/>\n<meta name=\"twitter:label1\" content=\"Written by\" \/>\n\t<meta name=\"twitter:data1\" content=\"villsy-seo\" \/>\n\t<meta name=\"twitter:label2\" content=\"Est. reading time\" \/>\n\t<meta name=\"twitter:data2\" content=\"4 minutes\" \/>\n<!-- \/ Yoast SEO Premium plugin. -->","yoast_head_json":{"title":"Co d\u011blat v Pule Chorvatsko - Villsy","description":"Prozkoumejte star\u00e9 m\u011bsto Puly: Projd\u011bte se po starov\u011bk\u00fdch \u0159\u00edmsk\u00fdch ruin\u00e1ch, ochutnejte m\u00edstn\u00ed kuchyni a pono\u0159te se do bohat\u00e9 historie.","robots":{"index":"index","follow":"follow","max-snippet":"max-snippet:-1","max-image-preview":"max-image-preview:large","max-video-preview":"max-video-preview:-1"},"canonical":"https:\/\/villsy.com\/cs\/blog\/co-delat-v-pula-chorvatsku\/","og_locale":"en_US","og_type":"website","og_title":"Co d\u011blat v Pule Chorvatsko - Villsy","og_description":"Prozkoumejte star\u00e9 m\u011bsto Puly: Projd\u011bte se po starov\u011bk\u00fdch \u0159\u00edmsk\u00fdch ruin\u00e1ch, ochutnejte m\u00edstn\u00ed kuchyni a pono\u0159te se do bohat\u00e9 historie.","og_url":"https:\/\/villsy.com\/cs\/blog\/co-delat-v-pula-chorvatsku\/","og_site_name":"Villsy","article_published_time":"2024-08-20T16:02:18+00:00","article_modified_time":"2024-08-26T15:34:54+00:00","og_image":[{"width":1600,"height":1067,"url":"https:\/\/villsy.com\/wp-content\/uploads\/bigstock-Roman-amphitheatre-Arena-in-49152014.jpg","type":"image\/jpeg"}],"author":"villsy-seo","twitter_card":"summary_large_image","twitter_misc":{"Written by":"villsy-seo","Est. reading time":"4 minutes"},"schema":{"@context":"https:\/\/schema.org","@graph":[{"@type":"WebPage","@id":"https:\/\/villsy.com\/cs\/blog\/co-delat-v-pula-chorvatsku\/","url":"https:\/\/villsy.com\/cs\/blog\/co-delat-v-pula-chorvatsku\/","name":"Co d\u011blat v Pule Chorvatsko - Villsy","isPartOf":{"@id":"https:\/\/villsy.com\/cs\/#website"},"datePublished":"2024-08-20T16:02:18+00:00","dateModified":"2024-08-26T15:34:54+00:00","author":{"@id":"https:\/\/villsy.com\/cs\/#\/schema\/person\/e3ee918d26f430770e6f666a55d22815"},"description":"Prozkoumejte star\u00e9 m\u011bsto Puly: Projd\u011bte se po starov\u011bk\u00fdch \u0159\u00edmsk\u00fdch ruin\u00e1ch, ochutnejte m\u00edstn\u00ed kuchyni a pono\u0159te se do bohat\u00e9 historie.","breadcrumb":{"@id":"https:\/\/villsy.com\/cs\/blog\/co-delat-v-pula-chorvatsku\/#breadcrumb"},"inLanguage":"cs","potentialAction":[{"@type":"ReadAction","target":["https:\/\/villsy.com\/cs\/blog\/co-delat-v-pula-chorvatsku\/"]}]},{"@type":"BreadcrumbList","@id":"https:\/\/villsy.com\/cs\/blog\/co-delat-v-pula-chorvatsku\/#breadcrumb","itemListElement":[{"@type":"ListItem","position":1,"name":"Villsy","item":"https:\/\/villsy.com\/cs\/"},{"@type":"ListItem","position":2,"name":"Co d\u011blat v Pule Chorvatsko"}]},{"@type":"WebSite","@id":"https:\/\/villsy.com\/cs\/#website","url":"https:\/\/villsy.com\/cs\/","name":"Villsy","description":"Just another WordPress site","potentialAction":[{"@type":"SearchAction","target":{"@type":"EntryPoint","urlTemplate":"https:\/\/villsy.com\/cs\/?s={search_term_string}"},"query-input":"required name=search_term_string"}],"inLanguage":"cs"},{"@type":"Person","@id":"https:\/\/villsy.com\/cs\/#\/schema\/person\/e3ee918d26f430770e6f666a55d22815","name":"villsy-seo","image":{"@type":"ImageObject","inLanguage":"cs","@id":"https:\/\/villsy.com\/cs\/#\/schema\/person\/image\/","url":"https:\/\/secure.gravatar.com\/avatar\/4fbee69d4f6b4040dfa676ee517c8958?s=96&d=mm&r=g","contentUrl":"https:\/\/secure.gravatar.com\/avatar\/4fbee69d4f6b4040dfa676ee517c8958?s=96&d=mm&r=g","caption":"villsy-seo"}}]}},"_links":{"self":[{"href":"https:\/\/villsy.com\/cs\/wp-json\/wp\/v2\/posts\/21702"}],"collection":[{"href":"https:\/\/villsy.com\/cs\/wp-json\/wp\/v2\/posts"}],"about":[{"href":"https:\/\/villsy.com\/cs\/wp-json\/wp\/v2\/types\/post"}],"author":[{"embeddable":true,"href":"https:\/\/villsy.com\/cs\/wp-json\/wp\/v2\/users\/3"}],"replies":[{"embeddable":true,"href":"https:\/\/villsy.com\/cs\/wp-json\/wp\/v2\/comments?post=21702"}],"version-history":[{"count":3,"href":"https:\/\/villsy.com\/cs\/wp-json\/wp\/v2\/posts\/21702\/revisions"}],"predecessor-version":[{"id":21971,"href":"https:\/\/villsy.com\/cs\/wp-json\/wp\/v2\/posts\/21702\/revisions\/21971"}],"wp:featuredmedia":[{"embeddable":true,"href":"https:\/\/villsy.com\/cs\/wp-json\/wp\/v2\/media\/21458"}],"wp:attachment":[{"href":"https:\/\/villsy.com\/cs\/wp-json\/wp\/v2\/media?parent=21702"}],"wp:term":[{"taxonomy":"category","embeddable":true,"href":"https:\/\/villsy.com\/cs\/wp-json\/wp\/v2\/categories?post=21702"},{"taxonomy":"post_tag","embeddable":true,"href":"https:\/\/villsy.com\/cs\/wp-json\/wp\/v2\/tags?post=21702"}],"curies":[{"name":"wp","href":"https:\/\/api.w.org\/{rel}","templated":true}]}}